{"id":135365,"date":"2023-04-24T17:12:14","date_gmt":"2023-04-24T20:12:14","guid":{"rendered":"https:\/\/www.barragrande24horas.com.br\/v1\/?p=135365"},"modified":"2023-04-24T17:12:14","modified_gmt":"2023-04-24T20:12:14","slug":"tres-fazendas-sao-ocupadas-pelo-mst-nas-cidades-de-juazeiro-guaratinga-e-jaguaquara","status":"publish","type":"post","link":"https:\/\/www.barragrande24horas.com.br\/v1\/2023\/04\/24\/tres-fazendas-sao-ocupadas-pelo-mst-nas-cidades-de-juazeiro-guaratinga-e-jaguaquara\/","title":{"rendered":"TR\u00caS FAZENDAS S\u00c3O OCUPADAS PELO MST NAS CIDADES DE JUAZEIRO, GUARATINGA E JAGUAQUARA"},"content":{"rendered":"<div id=\"chunk-bgsm5\">\n<div class=\"mc-column content-text active-extra-styles \" data-block-type=\"unstyled\" data-block-weight=\"44\" data-block-id=\"3\">\n<p class=\"content-text__container \" data-track-category=\"Link no Texto\" data-track-links=\"\">Tr\u00eas fazendas das cidades de\u00a0<a class=\"\" href=\"https:\/\/g1.globo.com\/ba\/bahia\/cidade\/jaguaquara\/\">Jaguaquara<\/a>, no sudoeste da Bahia,\u00a0<a class=\"\" href=\"https:\/\/g1.globo.com\/ba\/bahia\/cidade\/juazeiro\/\">Juazeiro<\/a>, no norte do estado, e\u00a0<a class=\"\" href=\"https:\/\/g1.globo.com\/ba\/bahia\/cidade\/guaratinga\/\">Guaratinga<\/a>, no extremo sul, foram ocupadas por integrantes do Movimento Sem Terra (MST) no fim de semana. Mais de 500 fam\u00edlias est\u00e3o em \u00e1reas consideradas improdutivas pelo movimento.<\/p>\n<div class=\"mc-column content-text active-extra-styles\" data-block-type=\"raw\" data-block-weight=\"4\" data-block-id=\"4\">\n<div class=\"content-intertitle\">\n<h2>Confira abaixo as situa\u00e7\u00f5es:<\/h2>\n<\/div>\n<\/div>\n<div class=\"mc-column content-text active-extra-styles\" data-block-type=\"raw\" data-block-weight=\"1\" data-block-id=\"5\">\n<ul class=\"content-unordered-list\">\n<li><strong>Jaguaquara<\/strong><\/li>\n<\/ul>\n<\/div>\n<div id=\"chunk-alnlj\">\n<div class=\"mc-column content-text active-extra-styles \" data-block-type=\"unstyled\" data-block-weight=\"25\" data-block-id=\"6\">\n<p class=\"content-text__container \" data-track-category=\"Link no Texto\" data-track-links=\"\">A ocupa\u00e7\u00e3o da fazenda Jerusal\u00e9m, em Jaguaquara, aconteceu na madrugada de domingo (23). Na manh\u00e3 desta segunda-feira (24), cerca de 200 fam\u00edlias est\u00e3o no local.<\/p>\n<\/div>\n<\/div>\n<div id=\"chunk-bur1v\">\n<div class=\"mc-column content-text active-extra-styles \" data-block-type=\"unstyled\" data-block-weight=\"30\" data-block-id=\"7\">\n<p class=\"content-text__container \" data-track-category=\"Link no Texto\" data-track-links=\"\">A fazenda Jerusal\u00e9m, de acordo com o MST, tem um decreto de desocupa\u00e7\u00e3o desde 2010. Ela j\u00e1 foi ocupada, os integrantes sa\u00edram e voltaram a ocupar a \u00e1rea no domingo.<\/p>\n<div id=\"chunk-7h9gc\">\n<div class=\"mc-column content-text active-extra-styles \" data-block-type=\"unstyled\" data-block-weight=\"40\" data-block-id=\"9\">\n<p class=\"content-text__container \" data-track-category=\"Link no Texto\" data-track-links=\"\">A Pol\u00edcia Militar informou que a ocupa\u00e7\u00e3o aconteceu de forma pac\u00edfica e que n\u00e3o houve confronto. Afirmou tamb\u00e9m que a ocupa\u00e7\u00e3o foi iniciada com cerca de 80 pessoas, mas no fim da tarde o n\u00famero subiu para mais de 200.<\/p>\n<\/div>\n<\/div>\n<div class=\"mc-column content-text active-extra-styles\" data-block-type=\"raw\" data-block-weight=\"1\" data-block-id=\"10\">\n<div class=\"mc-column content-text active-extra-styles\" data-block-type=\"raw\" data-block-weight=\"1\" data-block-id=\"10\">\n<ul class=\"content-unordered-list\">\n<li><strong>Juazeiro<\/strong><\/li>\n<\/ul>\n<\/div>\n<div id=\"chunk-8nfp1\">\n<div class=\"mc-column content-text active-extra-styles \" data-block-type=\"unstyled\" data-block-weight=\"46\" data-block-id=\"11\">\n<p class=\"content-text__container \" data-track-category=\"Link no Texto\" data-track-links=\"\">A ocupa\u00e7\u00e3o em Juazeiro aconteceu na comunidade do Salitre, na zona rural, tamb\u00e9m no domingo. O MST informou que cerca de 200 fam\u00edlias est\u00e3o no local, que tem pouco mais de 4 mil hectares. Algumas \u00e1reas do Salitre j\u00e1 foram ocupadas em outras oportunidades pelo grupo.<\/p>\n<\/div>\n<\/div>\n<div class=\"mc-column content-text active-extra-styles\" data-block-type=\"raw\" data-block-weight=\"1\" data-block-id=\"12\">\n<ul class=\"content-unordered-list\">\n<li><strong>Guaratinga<\/strong><\/li>\n<\/ul>\n<div id=\"chunk-d8c61\">\n<div class=\"mc-column content-text active-extra-styles \" data-block-type=\"unstyled\" data-block-weight=\"30\" data-block-id=\"13\">\n<p class=\"content-text__container \" data-track-category=\"Link no Texto\" data-track-links=\"\">Em Guaratinga, 118 fam\u00edlias est\u00e3o na \u00e1rea da fazenda da Mata Verde, na zona rural. Essa ocupa\u00e7\u00e3o aconteceu no s\u00e1bado (22) e o grupo alega que a \u00e1rea \u00e9 improdutiva.<\/p>\n<\/div>\n<\/div>\n<div class=\"mc-column content-text active-extra-styles\" data-block-type=\"raw\" data-block-weight=\"8\" data-block-id=\"14\">\n<div class=\"mc-column content-text active-extra-styles\" data-block-type=\"raw\" data-block-weight=\"8\" data-block-id=\"14\">\n<div class=\"content-intertitle\">\n<h2>O que dizem o MST e a PM<\/h2>\n<\/div>\n<p>&nbsp;<\/p>\n<\/div>\n<div id=\"chunk-ah17s\">\n<div class=\"mc-column content-text active-extra-styles \" data-block-type=\"unstyled\" data-block-weight=\"34\" data-block-id=\"15\">\n<p class=\"content-text__container \" data-track-category=\"Link no Texto\" data-track-links=\"\">O Movimento Sem Terra alega que as \u00e1reas s\u00e3o improdutivas e que n\u00e3o tem fam\u00edlias assentadas. Conforme o MST, essas ocupa\u00e7\u00f5es fazem parte do processo de reforma agr\u00e1ria que acontece em todo o Brasil.<\/p>\n<\/div>\n<\/div>\n<div id=\"chunk-8ebt\">\n<div class=\"mc-column content-text active-extra-styles \" data-block-type=\"unstyled\" data-block-weight=\"10\" data-block-id=\"16\">\n<p class=\"content-text__container \" data-track-category=\"Link no Texto\" data-track-links=\"\">A Pol\u00edcia Militar informou que segue acompanhando as situa\u00e7\u00f5es.<\/p>\n<\/div>\n<\/div>\n<div class=\"content-intertitle\"><\/div>\n<\/div>\n<\/div>\n<\/div>\n<\/div>\n<\/div>\n<\/div>\n<\/div>\n<div class=\"wall protected-content\">\n<div class=\"mc-column content-text active-extra-styles\" data-block-type=\"raw\" data-block-weight=\"4\" data-block-id=\"4\">\n<p class=\"content-text__container\">\n<div class=\"content-intertitle\"><\/div>\n<\/div>\n<\/div>\n","protected":false},"excerpt":{"rendered":"<p>Tr\u00eas fazendas das cidades de\u00a0Jaguaquara, no sudoeste da Bahia,\u00a0Juazeiro, no norte do estado, e\u00a0Guaratinga, no extremo sul, foram ocupadas por integrantes do Movimento Sem Terra (MST) no fim de semana. Mais de 500 fam\u00edlias est\u00e3o em \u00e1reas consideradas improdutivas pelo movimento. Confira abaixo as situa\u00e7\u00f5es: Jaguaquara A ocupa\u00e7\u00e3o da fazenda Jerusal\u00e9m, em Jaguaquara, aconteceu na madrugada de domingo (23). Na manh\u00e3 desta segunda-feira (24), cerca de 200 fam\u00edlias est\u00e3o no local. A fazenda Jerusal\u00e9m, de acordo com o MST, tem um decreto de desocupa\u00e7\u00e3o desde 2010. Ela j\u00e1 foi ocupada, os integrantes sa\u00edram e voltaram a ocupar a \u00e1rea no [&hellip;]<\/p>\n","protected":false},"author":2,"featured_media":135366,"comment_status":"closed","ping_status":"open","sticky":false,"template":"","format":"standard","meta":[],"categories":[8],"tags":[],"_links":{"self":[{"href":"https:\/\/www.barragrande24horas.com.br\/v1\/wp-json\/wp\/v2\/posts\/135365"}],"collection":[{"href":"https:\/\/www.barragrande24horas.com.br\/v1\/wp-json\/wp\/v2\/posts"}],"about":[{"href":"https:\/\/www.barragrande24horas.com.br\/v1\/wp-json\/wp\/v2\/types\/post"}],"author":[{"embeddable":true,"href":"https:\/\/www.barragrande24horas.com.br\/v1\/wp-json\/wp\/v2\/users\/2"}],"replies":[{"embeddable":true,"href":"https:\/\/www.barragrande24horas.com.br\/v1\/wp-json\/wp\/v2\/comments?post=135365"}],"version-history":[{"count":1,"href":"https:\/\/www.barragrande24horas.com.br\/v1\/wp-json\/wp\/v2\/posts\/135365\/revisions"}],"predecessor-version":[{"id":135367,"href":"https:\/\/www.barragrande24horas.com.br\/v1\/wp-json\/wp\/v2\/posts\/135365\/revisions\/135367"}],"wp:featuredmedia":[{"embeddable":true,"href":"https:\/\/www.barragrande24horas.com.br\/v1\/wp-json\/wp\/v2\/media\/135366"}],"wp:attachment":[{"href":"https:\/\/www.barragrande24horas.com.br\/v1\/wp-json\/wp\/v2\/media?parent=135365"}],"wp:term":[{"taxonomy":"category","embeddable":true,"href":"https:\/\/www.barragrande24horas.com.br\/v1\/wp-json\/wp\/v2\/categories?post=135365"},{"taxonomy":"post_tag","embeddable":true,"href":"https:\/\/www.barragrande24horas.com.br\/v1\/wp-json\/wp\/v2\/tags?post=135365"}],"curies":[{"name":"wp","href":"https:\/\/api.w.org\/{rel}","templated":true}]}}