{"id":135332,"date":"2023-04-17T16:35:33","date_gmt":"2023-04-17T19:35:33","guid":{"rendered":"https:\/\/www.barragrande24horas.com.br\/v1\/?p=135332"},"modified":"2023-04-17T16:35:33","modified_gmt":"2023-04-17T19:35:33","slug":"canoagem-de-marau-fatura-4-medalhas-de-ouro-na-1o-etapa-da-copa-brasil-em-minas-gerais","status":"publish","type":"post","link":"https:\/\/www.barragrande24horas.com.br\/v1\/2023\/04\/17\/canoagem-de-marau-fatura-4-medalhas-de-ouro-na-1o-etapa-da-copa-brasil-em-minas-gerais\/","title":{"rendered":"CANOAGEM DE MARA\u00da FATURA 4 MEDALHAS DE OURO NA 1\u00ba ETAPA DA COPA BRASIL EM MINAS GERAIS"},"content":{"rendered":"<h1 class=\"titulo-post\"><\/h1>\n<p>&nbsp;<\/p>\n<p style=\"text-align: justify;\">Os atletas da canoagem de Mara\u00fa conquistaram quatro medalhas de ouro na Copa Brasil de Canoagem de Velocidade &#8211; Etapa I, disputada no \u00faltimo final de semana na cidade de Capit\u00f3lio, em Minas Gerais. A prova tamb\u00e9m serve, junto \u00e0 segunda etapa, como fase seletiva para as competi\u00e7\u00f5es internacionais do segundo semestre e como forma dos melhores colocados ingressarem na Sele\u00e7\u00e3o Brasileira da modalidade.<\/p>\n<p style=\"text-align: justify;\">Valdenice Concei\u00e7\u00e3o, conquistou medalha de ouro na categoria S\u00eanior C1 200 feminino, Ariadne duas medalhas de ouro nas categorias menor C1 200 e na C1 500, j\u00e1 Guilherme Pinto, conquistou o ouro no C1 200, al\u00e9m de Radija que ficou em 4\u00ba lugar. Todos s\u00e3o representantes da associa\u00e7\u00e3o marauense de canoagem.<\/p>\n<p style=\"text-align: justify;\">Os atletas participam do Projeto Remando no Litoral Sul, uma parceria da Sudesb, Federa\u00e7\u00e3o Baiana de Canoagem (Febac) e da Prefeitura de Mara\u00fa.<\/p>\n<p>&nbsp;<\/p>\n","protected":false},"excerpt":{"rendered":"<p>&nbsp; Os atletas da canoagem de Mara\u00fa conquistaram quatro medalhas de ouro na Copa Brasil de Canoagem de Velocidade &#8211; Etapa I, disputada no \u00faltimo final de semana na cidade de Capit\u00f3lio, em Minas Gerais. A prova tamb\u00e9m serve, junto \u00e0 segunda etapa, como fase seletiva para as competi\u00e7\u00f5es internacionais do segundo semestre e como forma dos melhores colocados ingressarem na Sele\u00e7\u00e3o Brasileira da modalidade. Valdenice Concei\u00e7\u00e3o, conquistou medalha de ouro na categoria S\u00eanior C1 200 feminino, Ariadne duas medalhas de ouro nas categorias menor C1 200 e na C1 500, j\u00e1 Guilherme Pinto, conquistou o ouro no C1 200, [&hellip;]<\/p>\n","protected":false},"author":2,"featured_media":135333,"comment_status":"closed","ping_status":"open","sticky":false,"template":"","format":"standard","meta":[],"categories":[25],"tags":[],"_links":{"self":[{"href":"https:\/\/www.barragrande24horas.com.br\/v1\/wp-json\/wp\/v2\/posts\/135332"}],"collection":[{"href":"https:\/\/www.barragrande24horas.com.br\/v1\/wp-json\/wp\/v2\/posts"}],"about":[{"href":"https:\/\/www.barragrande24horas.com.br\/v1\/wp-json\/wp\/v2\/types\/post"}],"author":[{"embeddable":true,"href":"https:\/\/www.barragrande24horas.com.br\/v1\/wp-json\/wp\/v2\/users\/2"}],"replies":[{"embeddable":true,"href":"https:\/\/www.barragrande24horas.com.br\/v1\/wp-json\/wp\/v2\/comments?post=135332"}],"version-history":[{"count":1,"href":"https:\/\/www.barragrande24horas.com.br\/v1\/wp-json\/wp\/v2\/posts\/135332\/revisions"}],"predecessor-version":[{"id":135334,"href":"https:\/\/www.barragrande24horas.com.br\/v1\/wp-json\/wp\/v2\/posts\/135332\/revisions\/135334"}],"wp:featuredmedia":[{"embeddable":true,"href":"https:\/\/www.barragrande24horas.com.br\/v1\/wp-json\/wp\/v2\/media\/135333"}],"wp:attachment":[{"href":"https:\/\/www.barragrande24horas.com.br\/v1\/wp-json\/wp\/v2\/media?parent=135332"}],"wp:term":[{"taxonomy":"category","embeddable":true,"href":"https:\/\/www.barragrande24horas.com.br\/v1\/wp-json\/wp\/v2\/categories?post=135332"},{"taxonomy":"post_tag","embeddable":true,"href":"https:\/\/www.barragrande24horas.com.br\/v1\/wp-json\/wp\/v2\/tags?post=135332"}],"curies":[{"name":"wp","href":"https:\/\/api.w.org\/{rel}","templated":true}]}}