{"id":135326,"date":"2023-04-14T20:26:21","date_gmt":"2023-04-14T23:26:21","guid":{"rendered":"https:\/\/www.barragrande24horas.com.br\/v1\/?p=135326"},"modified":"2023-04-14T20:26:46","modified_gmt":"2023-04-14T23:26:46","slug":"prefeitura-de-marau-e-policia-militar-firmam-parceria-para-realizacao-do-projeto-ronda-maria-da-penha","status":"publish","type":"post","link":"https:\/\/www.barragrande24horas.com.br\/v1\/2023\/04\/14\/prefeitura-de-marau-e-policia-militar-firmam-parceria-para-realizacao-do-projeto-ronda-maria-da-penha\/","title":{"rendered":"PREFEITURA DE MARA\u00da E POL\u00cdCIA MILITAR FIRMAM PARCERIA PARA REALIZA\u00c7\u00c3O DO PROJETO &#8220;RONDA MARIA DA PENHA&#8221;"},"content":{"rendered":"<p>&nbsp;<\/p>\n<p style=\"text-align: justify;\">Reuniram-se nesta quinta-feira dia 13\/04, na Secretaria de Desenvolvimento Social a Capit\u00e3 Mariana, a Assessora T\u00e9cnica Raiana Barbosa representando a Secret\u00e1ria de Desenvolvimento Social Adeilda Moura e a Coordenadora do CREAS Thaise Porto para tratar do Projeto \u201cRonda Maria da Penha\u201d.<\/p>\n<p style=\"text-align: justify;\">O projeto consiste em realizar visita\u00e7\u00f5es \u00e0s resid\u00eancias das v\u00edtimas beneficiadas por Medida Protetiva de Urg\u00eancia, a fim de fiscalizar o seu devido cumprimento, bem como auxiliar a v\u00edtima e seus familiares com acompanhamento psicol\u00f3gico a assistencial. Trata-se de visita\u00e7\u00f5es peri\u00f3dicas (quinzenais) multidisciplinares, com participa\u00e7\u00e3o da Pol\u00edcia Militar, para garantir a seguran\u00e7a das v\u00edtimas e cumprimento das Medidas Protetivas de Urg\u00eancia, com o objetivo de dar o suporte psicossocial e orienta\u00e7\u00e3o \u00e0s fam\u00edlias vitimizadas.<\/p>\n<p>Prefeitura Municipal De Mara\u00fa<br \/>\nGOVERNO &#8211; O PROGRESSO CONTINUA<\/p>\n","protected":false},"excerpt":{"rendered":"<p>&nbsp; Reuniram-se nesta quinta-feira dia 13\/04, na Secretaria de Desenvolvimento Social a Capit\u00e3 Mariana, a Assessora T\u00e9cnica Raiana Barbosa representando a Secret\u00e1ria de Desenvolvimento Social Adeilda Moura e a Coordenadora do CREAS Thaise Porto para tratar do Projeto \u201cRonda Maria da Penha\u201d. O projeto consiste em realizar visita\u00e7\u00f5es \u00e0s resid\u00eancias das v\u00edtimas beneficiadas por Medida Protetiva de Urg\u00eancia, a fim de fiscalizar o seu devido cumprimento, bem como auxiliar a v\u00edtima e seus familiares com acompanhamento psicol\u00f3gico a assistencial. Trata-se de visita\u00e7\u00f5es peri\u00f3dicas (quinzenais) multidisciplinares, com participa\u00e7\u00e3o da Pol\u00edcia Militar, para garantir a seguran\u00e7a das v\u00edtimas e cumprimento das Medidas [&hellip;]<\/p>\n","protected":false},"author":2,"featured_media":135327,"comment_status":"closed","ping_status":"open","sticky":false,"template":"","format":"standard","meta":[],"categories":[27],"tags":[],"_links":{"self":[{"href":"https:\/\/www.barragrande24horas.com.br\/v1\/wp-json\/wp\/v2\/posts\/135326"}],"collection":[{"href":"https:\/\/www.barragrande24horas.com.br\/v1\/wp-json\/wp\/v2\/posts"}],"about":[{"href":"https:\/\/www.barragrande24horas.com.br\/v1\/wp-json\/wp\/v2\/types\/post"}],"author":[{"embeddable":true,"href":"https:\/\/www.barragrande24horas.com.br\/v1\/wp-json\/wp\/v2\/users\/2"}],"replies":[{"embeddable":true,"href":"https:\/\/www.barragrande24horas.com.br\/v1\/wp-json\/wp\/v2\/comments?post=135326"}],"version-history":[{"count":1,"href":"https:\/\/www.barragrande24horas.com.br\/v1\/wp-json\/wp\/v2\/posts\/135326\/revisions"}],"predecessor-version":[{"id":135328,"href":"https:\/\/www.barragrande24horas.com.br\/v1\/wp-json\/wp\/v2\/posts\/135326\/revisions\/135328"}],"wp:featuredmedia":[{"embeddable":true,"href":"https:\/\/www.barragrande24horas.com.br\/v1\/wp-json\/wp\/v2\/media\/135327"}],"wp:attachment":[{"href":"https:\/\/www.barragrande24horas.com.br\/v1\/wp-json\/wp\/v2\/media?parent=135326"}],"wp:term":[{"taxonomy":"category","embeddable":true,"href":"https:\/\/www.barragrande24horas.com.br\/v1\/wp-json\/wp\/v2\/categories?post=135326"},{"taxonomy":"post_tag","embeddable":true,"href":"https:\/\/www.barragrande24horas.com.br\/v1\/wp-json\/wp\/v2\/tags?post=135326"}],"curies":[{"name":"wp","href":"https:\/\/api.w.org\/{rel}","templated":true}]}}