{"id":135308,"date":"2023-04-11T20:22:33","date_gmt":"2023-04-11T23:22:33","guid":{"rendered":"https:\/\/www.barragrande24horas.com.br\/v1\/?p=135308"},"modified":"2023-04-11T20:22:33","modified_gmt":"2023-04-11T23:22:33","slug":"prefeitura-de-marau-vai-capacitar-professores-das-escolas-da-zona-rural-sobre-a-lei-lucas-primeiros-socorros","status":"publish","type":"post","link":"https:\/\/www.barragrande24horas.com.br\/v1\/2023\/04\/11\/prefeitura-de-marau-vai-capacitar-professores-das-escolas-da-zona-rural-sobre-a-lei-lucas-primeiros-socorros\/","title":{"rendered":"PREFEITURA DE MARA\u00da VAI CAPACITAR PROFESSORES DAS ESCOLAS DA ZONA RURAL SOBRE A LEI LUCAS \u2013 PRIMEIROS SOCORROS"},"content":{"rendered":"<p>&nbsp;<\/p>\n<p style=\"text-align: justify;\">Na pr\u00f3xima sexta-feira (14), a Secretaria Municipal de Sa\u00fade em parceria com a Secretaria de Educa\u00e7\u00e3o, dar\u00e1 in\u00edcio a capacita\u00e7\u00e3o da Lei Lucas, voltada para professores e funcion\u00e1rios das escolas de ensino infantil e b\u00e1sico. A iniciativa come\u00e7ou em 2022, pelos col\u00e9gios Dr Antenor Lemos, Altanira Mauro Ribeiro, Creche Arlete Nery Campelo, Escolas de Piabanha e Tabuleiro.<\/p>\n<p style=\"text-align: justify;\">Agora a capacita\u00e7\u00e3o voltar\u00e1 com as escolas da zona rural do munic\u00edpio, a partir do dia 14\/04, pela manh\u00e3, nas Escolas de Trememb\u00e9, n\u00facleo IV, n\u00facleo V e a tarde no n\u00facleo IV. J\u00e1 no dia 24\/04, a capacita\u00e7\u00e3o acontece tamb\u00e9m no per\u00edodo da manh\u00e3 nas escolas do n\u00facleo II e a tarde das 13h nas Escolas de Ibia\u00e7\u00fa, n\u00facleo III e n\u00facleo X.<\/p>\n<p style=\"text-align: justify;\">As demais unidades de ensino ter\u00e3o a capacita\u00e7\u00e3o posteriormente. O objetivo dessa capacita\u00e7\u00e3o \u00e9 garantir que os professores e funcion\u00e1rios das escolas de ensino infantil e b\u00e1sico saibam agir no atendimento de primeiros socorros aos estudantes at\u00e9 que a assist\u00eancia m\u00e9dica especializada chegue ao local.<\/p>\n<p><b>Lei Lucas<\/b><\/p>\n<p style=\"text-align: justify;\">A Lei Lucas (13.722\/18) foi sancionada em outubro de 2018 ap\u00f3s o menino Lucas Begalli, de 10 anos, ter se engasgado com um alimento durante uma excurs\u00e3o escolar. No momento do acidente nenhum dos professores que acompanhavam as crian\u00e7as no passeio tinha no\u00e7\u00f5es de primeiros socorros e ele s\u00f3 foi atendido com a chegada do SAMU. Lucas acabou falecendo dois dias depois.<\/p>\n<p style=\"text-align: justify;\">Essa fatalidade poderia ter sido evitada caso algum dos presentes na excurs\u00e3o estivesse preparado para lidar com uma situa\u00e7\u00e3o como esta, por isso, a lei foi criada e, desde de 2019, as escolas p\u00fablicas e particulares de Ensino B\u00e1sico e Fundamental s\u00e3o obrigadas a ministrar anualmente cursos de primeiros socorros aos seus professores e funcion\u00e1rios.<\/p>\n<p><strong>Prefeitura Municipal De Mara\u00fa<\/strong><br \/>\nGOVERNO &#8211; O PROGRESSO CONTINUA<\/p>\n","protected":false},"excerpt":{"rendered":"<p>&nbsp; Na pr\u00f3xima sexta-feira (14), a Secretaria Municipal de Sa\u00fade em parceria com a Secretaria de Educa\u00e7\u00e3o, dar\u00e1 in\u00edcio a capacita\u00e7\u00e3o da Lei Lucas, voltada para professores e funcion\u00e1rios das escolas de ensino infantil e b\u00e1sico. A iniciativa come\u00e7ou em 2022, pelos col\u00e9gios Dr Antenor Lemos, Altanira Mauro Ribeiro, Creche Arlete Nery Campelo, Escolas de Piabanha e Tabuleiro. Agora a capacita\u00e7\u00e3o voltar\u00e1 com as escolas da zona rural do munic\u00edpio, a partir do dia 14\/04, pela manh\u00e3, nas Escolas de Trememb\u00e9, n\u00facleo IV, n\u00facleo V e a tarde no n\u00facleo IV. J\u00e1 no dia 24\/04, a capacita\u00e7\u00e3o acontece tamb\u00e9m no [&hellip;]<\/p>\n","protected":false},"author":2,"featured_media":135310,"comment_status":"closed","ping_status":"open","sticky":false,"template":"","format":"standard","meta":[],"categories":[27],"tags":[],"_links":{"self":[{"href":"https:\/\/www.barragrande24horas.com.br\/v1\/wp-json\/wp\/v2\/posts\/135308"}],"collection":[{"href":"https:\/\/www.barragrande24horas.com.br\/v1\/wp-json\/wp\/v2\/posts"}],"about":[{"href":"https:\/\/www.barragrande24horas.com.br\/v1\/wp-json\/wp\/v2\/types\/post"}],"author":[{"embeddable":true,"href":"https:\/\/www.barragrande24horas.com.br\/v1\/wp-json\/wp\/v2\/users\/2"}],"replies":[{"embeddable":true,"href":"https:\/\/www.barragrande24horas.com.br\/v1\/wp-json\/wp\/v2\/comments?post=135308"}],"version-history":[{"count":1,"href":"https:\/\/www.barragrande24horas.com.br\/v1\/wp-json\/wp\/v2\/posts\/135308\/revisions"}],"predecessor-version":[{"id":135309,"href":"https:\/\/www.barragrande24horas.com.br\/v1\/wp-json\/wp\/v2\/posts\/135308\/revisions\/135309"}],"wp:featuredmedia":[{"embeddable":true,"href":"https:\/\/www.barragrande24horas.com.br\/v1\/wp-json\/wp\/v2\/media\/135310"}],"wp:attachment":[{"href":"https:\/\/www.barragrande24horas.com.br\/v1\/wp-json\/wp\/v2\/media?parent=135308"}],"wp:term":[{"taxonomy":"category","embeddable":true,"href":"https:\/\/www.barragrande24horas.com.br\/v1\/wp-json\/wp\/v2\/categories?post=135308"},{"taxonomy":"post_tag","embeddable":true,"href":"https:\/\/www.barragrande24horas.com.br\/v1\/wp-json\/wp\/v2\/tags?post=135308"}],"curies":[{"name":"wp","href":"https:\/\/api.w.org\/{rel}","templated":true}]}}