{"id":135291,"date":"2023-04-07T13:49:52","date_gmt":"2023-04-07T16:49:52","guid":{"rendered":"https:\/\/www.barragrande24horas.com.br\/v1\/?p=135291"},"modified":"2023-04-07T13:49:52","modified_gmt":"2023-04-07T16:49:52","slug":"valentina-conquista-campeonato-brasileiro-de-vaa-no-rj-e-representara-barra-grande-no-pan-americano-em-vitoria-es","status":"publish","type":"post","link":"https:\/\/www.barragrande24horas.com.br\/v1\/2023\/04\/07\/valentina-conquista-campeonato-brasileiro-de-vaa-no-rj-e-representara-barra-grande-no-pan-americano-em-vitoria-es\/","title":{"rendered":"VALENTINA CONQUISTA CAMPEONATO BRASILEIRO DE VA&#8217;A NO RJ E REPRESENTAR\u00c1 BARRA GRANDE NO PAN-AMERICANO EM VIT\u00d3RIA-ES"},"content":{"rendered":"<p>&nbsp;<\/p>\n<p style=\"text-align: justify;\">A Pen\u00ednsula de Mara\u00fa ser\u00e1 representada no Pan-Anamericado de Va\u2019a (canoa polin\u00e9sia) \u00a0que, esse ano, acontece em Vit\u00f3ria-ES entre os dias 20 e 26 de novembro. A competidora de Barra Grande, na categoria V1-JR 19 conquistou a vaga durante o Campeonato Brasileiro de V1 que aconteceu no \u00faltimo s\u00e1bado, 1\u00b0 de abril, em B\u00fazios- RJ: Valentina, de 18 anos, que foi campe\u00e3 brasileira na JR 19.<\/p>\n<p><a href=\"https:\/\/www.barragrande24horas.com.br\/v1\/wp-content\/uploads\/2023\/04\/pan.jpg\" class=\"gallery_colorbox\"><img loading=\"lazy\" class=\" wp-image-135293 aligncenter\" src=\"https:\/\/www.barragrande24horas.com.br\/v1\/wp-content\/uploads\/2023\/04\/pan.jpg\"  alt=\"\" width=\"575\" height=\"512\" srcset=\"https:\/\/www.barragrande24horas.com.br\/v1\/wp-content\/uploads\/2023\/04\/pan.jpg 800w, https:\/\/www.barragrande24horas.com.br\/v1\/wp-content\/uploads\/2023\/04\/pan-300x267.jpg 300w, https:\/\/www.barragrande24horas.com.br\/v1\/wp-content\/uploads\/2023\/04\/pan-768x684.jpg 768w\" sizes=\"(max-width: 575px) 100vw, 575px\" \/><\/a><\/p>\n<p style=\"text-align: justify;\">Tina come\u00e7ou a remar no projeto social Barra Rema do Mut\u00e1 Hoe aos 14 anos e hoje \u00e9 instrutora do Clube e tamb\u00e9m treina de V1 junto com Gabryel Parente,\u00a0atual campe\u00e3o Baiano de V1.<\/p>\n<p>Treinamento Funcional: @lawrence2904 \ud83d\ude4f\ud83c\udfff<\/p>\n<p>Apoio:<br \/>\n@dreamlandbungalows<br \/>\n@marauba<\/p>\n","protected":false},"excerpt":{"rendered":"<p>&nbsp; A Pen\u00ednsula de Mara\u00fa ser\u00e1 representada no Pan-Anamericado de Va\u2019a (canoa polin\u00e9sia) \u00a0que, esse ano, acontece em Vit\u00f3ria-ES entre os dias 20 e 26 de novembro. A competidora de Barra Grande, na categoria V1-JR 19 conquistou a vaga durante o Campeonato Brasileiro de V1 que aconteceu no \u00faltimo s\u00e1bado, 1\u00b0 de abril, em B\u00fazios- RJ: Valentina, de 18 anos, que foi campe\u00e3 brasileira na JR 19. Tina come\u00e7ou a remar no projeto social Barra Rema do Mut\u00e1 Hoe aos 14 anos e hoje \u00e9 instrutora do Clube e tamb\u00e9m treina de V1 junto com Gabryel Parente,\u00a0atual campe\u00e3o Baiano de [&hellip;]<\/p>\n","protected":false},"author":2,"featured_media":135292,"comment_status":"closed","ping_status":"open","sticky":false,"template":"","format":"standard","meta":[],"categories":[25],"tags":[],"_links":{"self":[{"href":"https:\/\/www.barragrande24horas.com.br\/v1\/wp-json\/wp\/v2\/posts\/135291"}],"collection":[{"href":"https:\/\/www.barragrande24horas.com.br\/v1\/wp-json\/wp\/v2\/posts"}],"about":[{"href":"https:\/\/www.barragrande24horas.com.br\/v1\/wp-json\/wp\/v2\/types\/post"}],"author":[{"embeddable":true,"href":"https:\/\/www.barragrande24horas.com.br\/v1\/wp-json\/wp\/v2\/users\/2"}],"replies":[{"embeddable":true,"href":"https:\/\/www.barragrande24horas.com.br\/v1\/wp-json\/wp\/v2\/comments?post=135291"}],"version-history":[{"count":1,"href":"https:\/\/www.barragrande24horas.com.br\/v1\/wp-json\/wp\/v2\/posts\/135291\/revisions"}],"predecessor-version":[{"id":135294,"href":"https:\/\/www.barragrande24horas.com.br\/v1\/wp-json\/wp\/v2\/posts\/135291\/revisions\/135294"}],"wp:featuredmedia":[{"embeddable":true,"href":"https:\/\/www.barragrande24horas.com.br\/v1\/wp-json\/wp\/v2\/media\/135292"}],"wp:attachment":[{"href":"https:\/\/www.barragrande24horas.com.br\/v1\/wp-json\/wp\/v2\/media?parent=135291"}],"wp:term":[{"taxonomy":"category","embeddable":true,"href":"https:\/\/www.barragrande24horas.com.br\/v1\/wp-json\/wp\/v2\/categories?post=135291"},{"taxonomy":"post_tag","embeddable":true,"href":"https:\/\/www.barragrande24horas.com.br\/v1\/wp-json\/wp\/v2\/tags?post=135291"}],"curies":[{"name":"wp","href":"https:\/\/api.w.org\/{rel}","templated":true}]}}