{"id":135283,"date":"2023-04-05T00:44:16","date_gmt":"2023-04-05T03:44:16","guid":{"rendered":"https:\/\/www.barragrande24horas.com.br\/v1\/?p=135283"},"modified":"2023-04-05T00:44:16","modified_gmt":"2023-04-05T03:44:16","slug":"prefeitura-de-marau-convoca-grupos-prioritarios-para-vacinacao-contra-a-influenza","status":"publish","type":"post","link":"https:\/\/www.barragrande24horas.com.br\/v1\/2023\/04\/05\/prefeitura-de-marau-convoca-grupos-prioritarios-para-vacinacao-contra-a-influenza\/","title":{"rendered":"PREFEITURA DE MARA\u00da CONVOCA GRUPOS PRIORIT\u00c1RIOS PARA VACINA\u00c7\u00c3O CONTRA A INFLUENZA\u00a0"},"content":{"rendered":"<h1 class=\"post-title\"><\/h1>\n<p>&nbsp;<\/p>\n<p style=\"text-align: justify;\">A Prefeitura de Mara\u00fa, por meio da Secretaria Municipal de Sa\u00fade, est\u00e1 convocando a popula\u00e7\u00e3o que integra os grupos priorit\u00e1rios da 25\u00aa Campanha Nacional de Vacina\u00e7\u00e3o contra a Influenza (gripe) para receber o imunizante nas salas de vacina do munic\u00edpio. A a\u00e7\u00e3o ser\u00e1 iniciada na pr\u00f3xima segunda-feira, 10\/04, e se estende at\u00e9 o dia 31 de maio.<\/p>\n<p style=\"text-align: justify;\">A Secretaria de Sa\u00fade orienta o p\u00fablico a buscar a sala de vacina mais pr\u00f3xima, portando documento de identidade com foto, ou Cart\u00e3o Nacional de Sa\u00fade (CNS) e o cart\u00e3o de vacina.<\/p>\n<p><strong>P\u00fablicos<\/strong><\/p>\n<p style=\"text-align: justify;\">O p\u00fablico-alvo da Campanha Nacional de Vacina\u00e7\u00e3o Contra a Influenza \u00e9 composto por sete grupos priorit\u00e1rios. S\u00e3o crian\u00e7as de 6 meses a 5 anos de idade, idosos a partir de 60 anos de idade, trabalhadores da sa\u00fade, gestantes, pu\u00e9rperas, professores das redes p\u00fablica, pessoas com comorbidades; pessoas com defici\u00eancia, for\u00e7as de seguran\u00e7a e salvamento, caminhoneiros, trabalhadores do transporte coletivo,\u00a0 trabalhadores portu\u00e1rios, funcion\u00e1rios do sistema prisional, popula\u00e7\u00e3o privada de liberdade, e adolescentes em medidas socioeducativas.<\/p>\n<p>Prefeitura Municipal De Mara\u00fa<br \/>\nGOVERNO &#8211; O PROGRESSO CONTINUA<\/p>\n","protected":false},"excerpt":{"rendered":"<p>&nbsp; A Prefeitura de Mara\u00fa, por meio da Secretaria Municipal de Sa\u00fade, est\u00e1 convocando a popula\u00e7\u00e3o que integra os grupos priorit\u00e1rios da 25\u00aa Campanha Nacional de Vacina\u00e7\u00e3o contra a Influenza (gripe) para receber o imunizante nas salas de vacina do munic\u00edpio. A a\u00e7\u00e3o ser\u00e1 iniciada na pr\u00f3xima segunda-feira, 10\/04, e se estende at\u00e9 o dia 31 de maio. A Secretaria de Sa\u00fade orienta o p\u00fablico a buscar a sala de vacina mais pr\u00f3xima, portando documento de identidade com foto, ou Cart\u00e3o Nacional de Sa\u00fade (CNS) e o cart\u00e3o de vacina. P\u00fablicos O p\u00fablico-alvo da Campanha Nacional de Vacina\u00e7\u00e3o Contra a [&hellip;]<\/p>\n","protected":false},"author":2,"featured_media":135284,"comment_status":"closed","ping_status":"open","sticky":false,"template":"","format":"standard","meta":[],"categories":[27],"tags":[],"_links":{"self":[{"href":"https:\/\/www.barragrande24horas.com.br\/v1\/wp-json\/wp\/v2\/posts\/135283"}],"collection":[{"href":"https:\/\/www.barragrande24horas.com.br\/v1\/wp-json\/wp\/v2\/posts"}],"about":[{"href":"https:\/\/www.barragrande24horas.com.br\/v1\/wp-json\/wp\/v2\/types\/post"}],"author":[{"embeddable":true,"href":"https:\/\/www.barragrande24horas.com.br\/v1\/wp-json\/wp\/v2\/users\/2"}],"replies":[{"embeddable":true,"href":"https:\/\/www.barragrande24horas.com.br\/v1\/wp-json\/wp\/v2\/comments?post=135283"}],"version-history":[{"count":1,"href":"https:\/\/www.barragrande24horas.com.br\/v1\/wp-json\/wp\/v2\/posts\/135283\/revisions"}],"predecessor-version":[{"id":135285,"href":"https:\/\/www.barragrande24horas.com.br\/v1\/wp-json\/wp\/v2\/posts\/135283\/revisions\/135285"}],"wp:featuredmedia":[{"embeddable":true,"href":"https:\/\/www.barragrande24horas.com.br\/v1\/wp-json\/wp\/v2\/media\/135284"}],"wp:attachment":[{"href":"https:\/\/www.barragrande24horas.com.br\/v1\/wp-json\/wp\/v2\/media?parent=135283"}],"wp:term":[{"taxonomy":"category","embeddable":true,"href":"https:\/\/www.barragrande24horas.com.br\/v1\/wp-json\/wp\/v2\/categories?post=135283"},{"taxonomy":"post_tag","embeddable":true,"href":"https:\/\/www.barragrande24horas.com.br\/v1\/wp-json\/wp\/v2\/tags?post=135283"}],"curies":[{"name":"wp","href":"https:\/\/api.w.org\/{rel}","templated":true}]}}