{"id":135210,"date":"2023-04-02T13:25:20","date_gmt":"2023-04-02T16:25:20","guid":{"rendered":"https:\/\/www.barragrande24horas.com.br\/v1\/?p=135210"},"modified":"2023-04-02T13:25:20","modified_gmt":"2023-04-02T16:25:20","slug":"marau-realizou-5o-conferencia-municipal-da-saude","status":"publish","type":"post","link":"https:\/\/www.barragrande24horas.com.br\/v1\/2023\/04\/02\/marau-realizou-5o-conferencia-municipal-da-saude\/","title":{"rendered":"MARA\u00da REALIZOU 5\u00ba CONFER\u00caNCIA MUNICIPAL DA SA\u00daDE"},"content":{"rendered":"<p>&nbsp;<\/p>\n<div style=\"text-align: justify;\">Com o tema \u201cGarantir Direitos e Defender o SUS, a Vida e a Democracia \u2013 Amanh\u00e3 Vai Ser Outro Dia\u201d, A Secretaria de Sa\u00fade da Prefeitura de Mara\u00fa e o Conselho Municipal de Sa\u00fade, realizaram no dia 14 de mar\u00e7o a 5\u00aa confer\u00eancia de sa\u00fade do munic\u00edpio. Foi a partir desta confer\u00eancia, foram eleitos os delegados que representar\u00e3o o munic\u00edpio na confer\u00eancia estadual e, posteriormente, a etapa nacional que em 2023 chega \u00e0 17\u00aa edi\u00e7\u00e3o.<\/div>\n<p><a href=\"https:\/\/www.barragrande24horas.com.br\/v1\/wp-content\/uploads\/2023\/03\/SAUDE-2.jpg\" class=\"gallery_colorbox\"><img loading=\"lazy\" class=\" wp-image-135223 aligncenter\" src=\"https:\/\/www.barragrande24horas.com.br\/v1\/wp-content\/uploads\/2023\/03\/SAUDE-2.jpg\"  alt=\"\" width=\"593\" height=\"445\" srcset=\"https:\/\/www.barragrande24horas.com.br\/v1\/wp-content\/uploads\/2023\/03\/SAUDE-2.jpg 800w, https:\/\/www.barragrande24horas.com.br\/v1\/wp-content\/uploads\/2023\/03\/SAUDE-2-300x225.jpg 300w, https:\/\/www.barragrande24horas.com.br\/v1\/wp-content\/uploads\/2023\/03\/SAUDE-2-768x576.jpg 768w, https:\/\/www.barragrande24horas.com.br\/v1\/wp-content\/uploads\/2023\/03\/SAUDE-2-180x135.jpg 180w, https:\/\/www.barragrande24horas.com.br\/v1\/wp-content\/uploads\/2023\/03\/SAUDE-2-400x300.jpg 400w, https:\/\/www.barragrande24horas.com.br\/v1\/wp-content\/uploads\/2023\/03\/SAUDE-2-600x450.jpg 600w\" sizes=\"(max-width: 593px) 100vw, 593px\" \/><\/a><\/p>\n<p style=\"text-align: justify;\">O evento contou com a participa\u00e7\u00e3o do novo Secret\u00e1rio de Sa\u00fade de Mara\u00fa, Yata Anderson, da ex-secret\u00e1ria da pasta, Juliana Lemos, da presidente do conselho municipal de sa\u00fade, Jamile, dos vereadores Vado, Dudu, Gustavo e Augusto, Secret\u00e1rio de Administra\u00e7\u00e3o, Ant\u00f4nio Carlos, Secret\u00e1ria de Educa\u00e7\u00e3o, Hozana e o\u00a0 coordenador de Gabinete, Gileno Lira.<\/p>\n<div style=\"text-align: justify;\">A confer\u00eancia foi um importante momento para representantes do poder p\u00fablico e sociedade em geral discutirem democraticamente os direcionamentos que ser\u00e3o tomados para melhoria de pol\u00edticas p\u00fablicas de sa\u00fade dentro do Sistema \u00danico de Sa\u00fade, o SUS.<\/div>\n<div style=\"text-align: justify;\"><\/div>\n<p style=\"text-align: justify;\"><strong>Prefeitura Municipal de Mara\u00fa<\/strong><br \/>\nGOVERNO \u2013 O PROGRESSO CONTINUA<\/p>\n<div style=\"text-align: justify;\">Com o tema \u201cGarantir Direitos e Defender o SUS, a Vida e a Democracia \u2013 Amanh\u00e3 Vai Ser Outro Dia\u201d, A Secretaria de Sa\u00fade da Prefeitura de Mara\u00fa e o Conselho Municipal de Sa\u00fade, realizaram no dia 14 de mar\u00e7o a 5\u00aa confer\u00eancia de sa\u00fade do munic\u00edpio. Foi a partir desta confer\u00eancia, foram eleitos os delegados que representar\u00e3o o munic\u00edpio na confer\u00eancia estadual e, posteriormente, a etapa nacional que em 2023 chega \u00e0 17\u00aa edi\u00e7\u00e3o.<\/div>\n<p>&nbsp;<\/p>\n<p style=\"text-align: justify;\">O evento contou com a participa\u00e7\u00e3o do novo Secret\u00e1rio de Sa\u00fade de Mara\u00fa, Yata Anderson, da ex-secret\u00e1ria da pasta, Juliana Lemos, da presidente do conselho municipal de sa\u00fade, Jamile, dos vereadores Vado, Dudu, Gustavo e Augusto, Secret\u00e1rio de Administra\u00e7\u00e3o, Ant\u00f4nio Carlos, Secret\u00e1ria de Educa\u00e7\u00e3o, Hozana e o\u00a0 coordenador de Gabinete, Gileno Lira.<\/p>\n<div style=\"text-align: justify;\">A confer\u00eancia foi um importante momento para representantes do poder p\u00fablico e sociedade em geral discutirem democraticamente os direcionamentos que ser\u00e3o tomados para melhoria de pol\u00edticas p\u00fablicas de sa\u00fade dentro do Sistema \u00danico de Sa\u00fade, o SUS.<\/div>\n<div style=\"text-align: justify;\"><\/div>\n<p style=\"text-align: justify;\"><strong>Prefeitura Municipal de Mara\u00fa<\/strong><br \/>\nGOVERNO \u2013 O PROGRESSO CONTINUA<\/p>\n","protected":false},"excerpt":{"rendered":"<p>&nbsp; Com o tema \u201cGarantir Direitos e Defender o SUS, a Vida e a Democracia \u2013 Amanh\u00e3 Vai Ser Outro Dia\u201d, A Secretaria de Sa\u00fade da Prefeitura de Mara\u00fa e o Conselho Municipal de Sa\u00fade, realizaram no dia 14 de mar\u00e7o a 5\u00aa confer\u00eancia de sa\u00fade do munic\u00edpio. Foi a partir desta confer\u00eancia, foram eleitos os delegados que representar\u00e3o o munic\u00edpio na confer\u00eancia estadual e, posteriormente, a etapa nacional que em 2023 chega \u00e0 17\u00aa edi\u00e7\u00e3o. O evento contou com a participa\u00e7\u00e3o do novo Secret\u00e1rio de Sa\u00fade de Mara\u00fa, Yata Anderson, da ex-secret\u00e1ria da pasta, Juliana Lemos, da presidente do [&hellip;]<\/p>\n","protected":false},"author":2,"featured_media":135224,"comment_status":"closed","ping_status":"open","sticky":false,"template":"","format":"standard","meta":[],"categories":[27],"tags":[],"_links":{"self":[{"href":"https:\/\/www.barragrande24horas.com.br\/v1\/wp-json\/wp\/v2\/posts\/135210"}],"collection":[{"href":"https:\/\/www.barragrande24horas.com.br\/v1\/wp-json\/wp\/v2\/posts"}],"about":[{"href":"https:\/\/www.barragrande24horas.com.br\/v1\/wp-json\/wp\/v2\/types\/post"}],"author":[{"embeddable":true,"href":"https:\/\/www.barragrande24horas.com.br\/v1\/wp-json\/wp\/v2\/users\/2"}],"replies":[{"embeddable":true,"href":"https:\/\/www.barragrande24horas.com.br\/v1\/wp-json\/wp\/v2\/comments?post=135210"}],"version-history":[{"count":3,"href":"https:\/\/www.barragrande24horas.com.br\/v1\/wp-json\/wp\/v2\/posts\/135210\/revisions"}],"predecessor-version":[{"id":135225,"href":"https:\/\/www.barragrande24horas.com.br\/v1\/wp-json\/wp\/v2\/posts\/135210\/revisions\/135225"}],"wp:featuredmedia":[{"embeddable":true,"href":"https:\/\/www.barragrande24horas.com.br\/v1\/wp-json\/wp\/v2\/media\/135224"}],"wp:attachment":[{"href":"https:\/\/www.barragrande24horas.com.br\/v1\/wp-json\/wp\/v2\/media?parent=135210"}],"wp:term":[{"taxonomy":"category","embeddable":true,"href":"https:\/\/www.barragrande24horas.com.br\/v1\/wp-json\/wp\/v2\/categories?post=135210"},{"taxonomy":"post_tag","embeddable":true,"href":"https:\/\/www.barragrande24horas.com.br\/v1\/wp-json\/wp\/v2\/tags?post=135210"}],"curies":[{"name":"wp","href":"https:\/\/api.w.org\/{rel}","templated":true}]}}