{"id":135170,"date":"2023-03-16T15:14:54","date_gmt":"2023-03-16T18:14:54","guid":{"rendered":"https:\/\/www.barragrande24horas.com.br\/v1\/?p=135170"},"modified":"2023-03-16T15:14:54","modified_gmt":"2023-03-16T18:14:54","slug":"em-salvador-prefeito-manasses-busca-apoio-do-estado-para-implantacao-da-usina-de-tratamento-de-residuos-solidos-da-peninsula-de-marau","status":"publish","type":"post","link":"https:\/\/www.barragrande24horas.com.br\/v1\/2023\/03\/16\/em-salvador-prefeito-manasses-busca-apoio-do-estado-para-implantacao-da-usina-de-tratamento-de-residuos-solidos-da-peninsula-de-marau\/","title":{"rendered":"EM SALVADOR, PREFEITO MANASS\u00c9S BUSCA APOIO DO ESTADO PARA IMPLANTA\u00c7\u00c3O DA USINA DE TRATAMENTO DE RES\u00cdDUOS SOL\u00cdDOS DA PEN\u00cdNSULA DE MARA\u00da"},"content":{"rendered":"<p>&nbsp;<\/p>\n<p style=\"text-align: justify;\">Na \u00faltima ter\u00e7a-feira (14), o prefeito de Mara\u00fa, Manass\u00e9s Souza e o Secret\u00e1rio municipal de Agricultura e Meio Ambiente, Valdemir Lisboa, se reuniram na SAEB &#8211; Secretaria de Administra\u00e7\u00e3o do Estado da Bahia para uma audi\u00eancia com a chefe de gabinete Tatiane Pereira e Laura Prot\u00e1sio &#8211; Diretora de Administra\u00e7\u00e3o de Bens e im\u00f3veis do Estado, tratando da situa\u00e7\u00e3o do terreno que pertence ao Estado e onde est\u00e1 instalado o atual lix\u00e3o da Pen\u00ednsula de Mara\u00fa.\u00a0No local ser\u00e1 instalado uma Usina de tratamento de res\u00edduos s\u00f3lidos.<\/p>\n<p style=\"text-align: justify;\"><a href=\"https:\/\/www.barragrande24horas.com.br\/v1\/wp-content\/uploads\/2023\/03\/dsa.jpg\" class=\"gallery_colorbox\"><img loading=\"lazy\" class=\" wp-image-135174 aligncenter\" src=\"https:\/\/www.barragrande24horas.com.br\/v1\/wp-content\/uploads\/2023\/03\/dsa.jpg\"  alt=\"\" width=\"591\" height=\"443\" srcset=\"https:\/\/www.barragrande24horas.com.br\/v1\/wp-content\/uploads\/2023\/03\/dsa.jpg 800w, https:\/\/www.barragrande24horas.com.br\/v1\/wp-content\/uploads\/2023\/03\/dsa-300x225.jpg 300w, https:\/\/www.barragrande24horas.com.br\/v1\/wp-content\/uploads\/2023\/03\/dsa-768x576.jpg 768w, https:\/\/www.barragrande24horas.com.br\/v1\/wp-content\/uploads\/2023\/03\/dsa-180x135.jpg 180w, https:\/\/www.barragrande24horas.com.br\/v1\/wp-content\/uploads\/2023\/03\/dsa-400x300.jpg 400w, https:\/\/www.barragrande24horas.com.br\/v1\/wp-content\/uploads\/2023\/03\/dsa-600x450.jpg 600w\" sizes=\"(max-width: 591px) 100vw, 591px\" \/><\/a><\/p>\n<p style=\"text-align: justify;\">A audi\u00eancia foi requerida pelo presidente do CDS-LS Cons\u00f3rcio de Desenvolvimento do Litoral Sul, Ant\u00f4nio de An\u00edsio, que por motivo de for\u00e7a maior n\u00e3o pode est\u00e1 presente e tamb\u00e9m,\u00a0 atrav\u00e9s do deputado Estadual Rosemberg Pinto. O Prefeito ainda esteve acompanhado pelo Secret\u00e1rio de Administra\u00e7\u00e3o de Itacar\u00e9, Marcos Japu e Rubenildo &#8211; chefe de Gabinete do Dep. Rosenberg, da primeira-dama Rose Moreno e do Assessor de A\u00e7\u00f5es de Gabinete, Clerverson Abreu.<\/p>\n<p><a href=\"https:\/\/www.barragrande24horas.com.br\/v1\/wp-content\/uploads\/2023\/03\/Imagem-do-WhatsApp-de-2023-03-15-as-22.14.12.jpg\" class=\"gallery_colorbox\"><img loading=\"lazy\" class=\" wp-image-135172 aligncenter\" src=\"https:\/\/www.barragrande24horas.com.br\/v1\/wp-content\/uploads\/2023\/03\/Imagem-do-WhatsApp-de-2023-03-15-as-22.14.12.jpg\"  alt=\"\" width=\"585\" height=\"439\" srcset=\"https:\/\/www.barragrande24horas.com.br\/v1\/wp-content\/uploads\/2023\/03\/Imagem-do-WhatsApp-de-2023-03-15-as-22.14.12.jpg 800w, https:\/\/www.barragrande24horas.com.br\/v1\/wp-content\/uploads\/2023\/03\/Imagem-do-WhatsApp-de-2023-03-15-as-22.14.12-300x225.jpg 300w, https:\/\/www.barragrande24horas.com.br\/v1\/wp-content\/uploads\/2023\/03\/Imagem-do-WhatsApp-de-2023-03-15-as-22.14.12-768x576.jpg 768w, https:\/\/www.barragrande24horas.com.br\/v1\/wp-content\/uploads\/2023\/03\/Imagem-do-WhatsApp-de-2023-03-15-as-22.14.12-180x135.jpg 180w, https:\/\/www.barragrande24horas.com.br\/v1\/wp-content\/uploads\/2023\/03\/Imagem-do-WhatsApp-de-2023-03-15-as-22.14.12-400x300.jpg 400w, https:\/\/www.barragrande24horas.com.br\/v1\/wp-content\/uploads\/2023\/03\/Imagem-do-WhatsApp-de-2023-03-15-as-22.14.12-600x450.jpg 600w\" sizes=\"(max-width: 585px) 100vw, 585px\" \/><\/a><\/p>\n<p style=\"text-align: justify;\">Na reuni\u00e3o, o prefeito apresentou todo projeto da usina que consiste de um PMI j\u00e1 executada, no qual traz a defini\u00e7\u00e3o do projeto a ser implantado. O gestor solicitou a entrega de documentos pedidos atrav\u00e9s do of\u00edcio N\u00ba 017\/2022, de 17\/03\/2022 cadastrado no SEI-Bahia processo 009.0287.2022.0009335-40 requerendo pra essa finalidade.<\/p>\n<p><strong>Prefeitura Municipal De Mara\u00fa<\/strong><br \/>\nGOVERNO &#8211; O PROGRESSO CONTINUA<\/p>\n<p><a href=\"https:\/\/www.barragrande24horas.com.br\/v1\/wp-content\/uploads\/2023\/03\/12-3.jpg\" class=\"gallery_colorbox\"><img loading=\"lazy\" class=\" wp-image-135171 aligncenter\" src=\"https:\/\/www.barragrande24horas.com.br\/v1\/wp-content\/uploads\/2023\/03\/12-3.jpg\"  alt=\"\" width=\"591\" height=\"443\" srcset=\"https:\/\/www.barragrande24horas.com.br\/v1\/wp-content\/uploads\/2023\/03\/12-3.jpg 800w, https:\/\/www.barragrande24horas.com.br\/v1\/wp-content\/uploads\/2023\/03\/12-3-300x225.jpg 300w, https:\/\/www.barragrande24horas.com.br\/v1\/wp-content\/uploads\/2023\/03\/12-3-768x576.jpg 768w, https:\/\/www.barragrande24horas.com.br\/v1\/wp-content\/uploads\/2023\/03\/12-3-180x135.jpg 180w, https:\/\/www.barragrande24horas.com.br\/v1\/wp-content\/uploads\/2023\/03\/12-3-400x300.jpg 400w, https:\/\/www.barragrande24horas.com.br\/v1\/wp-content\/uploads\/2023\/03\/12-3-600x450.jpg 600w\" sizes=\"(max-width: 591px) 100vw, 591px\" \/><\/a><\/p>\n","protected":false},"excerpt":{"rendered":"<p>&nbsp; Na \u00faltima ter\u00e7a-feira (14), o prefeito de Mara\u00fa, Manass\u00e9s Souza e o Secret\u00e1rio municipal de Agricultura e Meio Ambiente, Valdemir Lisboa, se reuniram na SAEB &#8211; Secretaria de Administra\u00e7\u00e3o do Estado da Bahia para uma audi\u00eancia com a chefe de gabinete Tatiane Pereira e Laura Prot\u00e1sio &#8211; Diretora de Administra\u00e7\u00e3o de Bens e im\u00f3veis do Estado, tratando da situa\u00e7\u00e3o do terreno que pertence ao Estado e onde est\u00e1 instalado o atual lix\u00e3o da Pen\u00ednsula de Mara\u00fa.\u00a0No local ser\u00e1 instalado uma Usina de tratamento de res\u00edduos s\u00f3lidos. A audi\u00eancia foi requerida pelo presidente do CDS-LS Cons\u00f3rcio de Desenvolvimento do Litoral [&hellip;]<\/p>\n","protected":false},"author":2,"featured_media":135173,"comment_status":"closed","ping_status":"open","sticky":false,"template":"","format":"standard","meta":[],"categories":[27],"tags":[],"_links":{"self":[{"href":"https:\/\/www.barragrande24horas.com.br\/v1\/wp-json\/wp\/v2\/posts\/135170"}],"collection":[{"href":"https:\/\/www.barragrande24horas.com.br\/v1\/wp-json\/wp\/v2\/posts"}],"about":[{"href":"https:\/\/www.barragrande24horas.com.br\/v1\/wp-json\/wp\/v2\/types\/post"}],"author":[{"embeddable":true,"href":"https:\/\/www.barragrande24horas.com.br\/v1\/wp-json\/wp\/v2\/users\/2"}],"replies":[{"embeddable":true,"href":"https:\/\/www.barragrande24horas.com.br\/v1\/wp-json\/wp\/v2\/comments?post=135170"}],"version-history":[{"count":1,"href":"https:\/\/www.barragrande24horas.com.br\/v1\/wp-json\/wp\/v2\/posts\/135170\/revisions"}],"predecessor-version":[{"id":135175,"href":"https:\/\/www.barragrande24horas.com.br\/v1\/wp-json\/wp\/v2\/posts\/135170\/revisions\/135175"}],"wp:featuredmedia":[{"embeddable":true,"href":"https:\/\/www.barragrande24horas.com.br\/v1\/wp-json\/wp\/v2\/media\/135173"}],"wp:attachment":[{"href":"https:\/\/www.barragrande24horas.com.br\/v1\/wp-json\/wp\/v2\/media?parent=135170"}],"wp:term":[{"taxonomy":"category","embeddable":true,"href":"https:\/\/www.barragrande24horas.com.br\/v1\/wp-json\/wp\/v2\/categories?post=135170"},{"taxonomy":"post_tag","embeddable":true,"href":"https:\/\/www.barragrande24horas.com.br\/v1\/wp-json\/wp\/v2\/tags?post=135170"}],"curies":[{"name":"wp","href":"https:\/\/api.w.org\/{rel}","templated":true}]}}