{"id":135126,"date":"2023-03-09T20:40:03","date_gmt":"2023-03-09T23:40:03","guid":{"rendered":"https:\/\/www.barragrande24horas.com.br\/v1\/?p=135126"},"modified":"2023-03-09T20:40:03","modified_gmt":"2023-03-09T23:40:03","slug":"prefeito-manasses-inicia-obras-de-calcamento-com-bloquete-intertravado-na-travessa-jose-liborio-soledade-em-marau","status":"publish","type":"post","link":"https:\/\/www.barragrande24horas.com.br\/v1\/2023\/03\/09\/prefeito-manasses-inicia-obras-de-calcamento-com-bloquete-intertravado-na-travessa-jose-liborio-soledade-em-marau\/","title":{"rendered":"PREFEITO MANASS\u00c9S INICIA OBRAS DE CAL\u00c7AMENTO COM BLOQUETE INTERTRAVADO NA TRAVESSA JOS\u00c9 LIB\u00d3RIO SOLEDADE EM MARA\u00da"},"content":{"rendered":"<p>Para dar melhores condi\u00e7\u00f5es de trafegabilidade, acesso, conforto e comodidade \u00e0 popula\u00e7\u00e3o, a Prefeitura de Mara\u00fa, iniciou as obras de cal\u00e7amento da Travessa Jos\u00e9 Lib\u00f3rio Soledade, na Sede do munic\u00edpio. As m\u00e1quinas e trabalhadores j\u00e1 est\u00e3o atuando no local.<\/p>\n<p><a href=\"https:\/\/www.barragrande24horas.com.br\/v1\/wp-content\/uploads\/2023\/03\/12-2.jpg\" class=\"gallery_colorbox\"><img loading=\"lazy\" class=\" wp-image-135127 aligncenter\" src=\"https:\/\/www.barragrande24horas.com.br\/v1\/wp-content\/uploads\/2023\/03\/12-2.jpg\"  alt=\"\" width=\"582\" height=\"500\" srcset=\"https:\/\/www.barragrande24horas.com.br\/v1\/wp-content\/uploads\/2023\/03\/12-2.jpg 720w, https:\/\/www.barragrande24horas.com.br\/v1\/wp-content\/uploads\/2023\/03\/12-2-300x258.jpg 300w\" sizes=\"(max-width: 582px) 100vw, 582px\" \/><\/a><\/p>\n<p>A obra de pavimenta\u00e7\u00e3o da via p\u00fablica foi anunciada pelo prefeito Manass\u00e9s durante a inaugura\u00e7\u00e3o da Escola Creche Prof\u00aa Arlete Nery Campelo e est\u00e1 sendo executada com recursos pr\u00f3prios. A obra demonstra o empenho e o compromisso da administra\u00e7\u00e3o do prefeito Manass\u00e9s, al\u00e9m de trazer dignidade, a pavimenta\u00e7\u00e3o traz mobilidade urbana a motoristas e pedestres.<\/p>\n<p><a href=\"https:\/\/www.barragrande24horas.com.br\/v1\/wp-content\/uploads\/2023\/03\/13-2.jpg\" class=\"gallery_colorbox\"><img loading=\"lazy\" class=\" wp-image-135129 aligncenter\" src=\"https:\/\/www.barragrande24horas.com.br\/v1\/wp-content\/uploads\/2023\/03\/13-2.jpg\"  alt=\"\" width=\"584\" height=\"507\" srcset=\"https:\/\/www.barragrande24horas.com.br\/v1\/wp-content\/uploads\/2023\/03\/13-2.jpg 720w, https:\/\/www.barragrande24horas.com.br\/v1\/wp-content\/uploads\/2023\/03\/13-2-300x260.jpg 300w\" sizes=\"(max-width: 584px) 100vw, 584px\" \/><\/a><\/p>\n<p>Fico muito feliz em estar cumprindo meu papel como prefeito de Mara\u00fa, com a\u00e7\u00f5es que trazem mais dignidade e conforto para os moradores\u201d, comemorou o Prefeito.<\/p>\n<p><strong>Prefeitura Municipal De Mara\u00fa<\/strong><br \/>\nGOVERNO \u2013 O PROGRESSO CONTINUA<\/p>\n<p><a href=\"https:\/\/www.barragrande24horas.com.br\/v1\/wp-content\/uploads\/2023\/03\/Imagem-do-WhatsApp-de-2023-03-09-as-20.33.04.jpg\" class=\"gallery_colorbox\"><img loading=\"lazy\" class=\" wp-image-135128 aligncenter\" src=\"https:\/\/www.barragrande24horas.com.br\/v1\/wp-content\/uploads\/2023\/03\/Imagem-do-WhatsApp-de-2023-03-09-as-20.33.04.jpg\"  alt=\"\" width=\"580\" height=\"493\" srcset=\"https:\/\/www.barragrande24horas.com.br\/v1\/wp-content\/uploads\/2023\/03\/Imagem-do-WhatsApp-de-2023-03-09-as-20.33.04.jpg 720w, https:\/\/www.barragrande24horas.com.br\/v1\/wp-content\/uploads\/2023\/03\/Imagem-do-WhatsApp-de-2023-03-09-as-20.33.04-300x255.jpg 300w\" sizes=\"(max-width: 580px) 100vw, 580px\" \/><\/a><\/p>\n","protected":false},"excerpt":{"rendered":"<p>Para dar melhores condi\u00e7\u00f5es de trafegabilidade, acesso, conforto e comodidade \u00e0 popula\u00e7\u00e3o, a Prefeitura de Mara\u00fa, iniciou as obras de cal\u00e7amento da Travessa Jos\u00e9 Lib\u00f3rio Soledade, na Sede do munic\u00edpio. As m\u00e1quinas e trabalhadores j\u00e1 est\u00e3o atuando no local. A obra de pavimenta\u00e7\u00e3o da via p\u00fablica foi anunciada pelo prefeito Manass\u00e9s durante a inaugura\u00e7\u00e3o da Escola Creche Prof\u00aa Arlete Nery Campelo e est\u00e1 sendo executada com recursos pr\u00f3prios. A obra demonstra o empenho e o compromisso da administra\u00e7\u00e3o do prefeito Manass\u00e9s, al\u00e9m de trazer dignidade, a pavimenta\u00e7\u00e3o traz mobilidade urbana a motoristas e pedestres. Fico muito feliz em estar cumprindo [&hellip;]<\/p>\n","protected":false},"author":2,"featured_media":135128,"comment_status":"closed","ping_status":"open","sticky":false,"template":"","format":"standard","meta":[],"categories":[27],"tags":[],"_links":{"self":[{"href":"https:\/\/www.barragrande24horas.com.br\/v1\/wp-json\/wp\/v2\/posts\/135126"}],"collection":[{"href":"https:\/\/www.barragrande24horas.com.br\/v1\/wp-json\/wp\/v2\/posts"}],"about":[{"href":"https:\/\/www.barragrande24horas.com.br\/v1\/wp-json\/wp\/v2\/types\/post"}],"author":[{"embeddable":true,"href":"https:\/\/www.barragrande24horas.com.br\/v1\/wp-json\/wp\/v2\/users\/2"}],"replies":[{"embeddable":true,"href":"https:\/\/www.barragrande24horas.com.br\/v1\/wp-json\/wp\/v2\/comments?post=135126"}],"version-history":[{"count":1,"href":"https:\/\/www.barragrande24horas.com.br\/v1\/wp-json\/wp\/v2\/posts\/135126\/revisions"}],"predecessor-version":[{"id":135132,"href":"https:\/\/www.barragrande24horas.com.br\/v1\/wp-json\/wp\/v2\/posts\/135126\/revisions\/135132"}],"wp:featuredmedia":[{"embeddable":true,"href":"https:\/\/www.barragrande24horas.com.br\/v1\/wp-json\/wp\/v2\/media\/135128"}],"wp:attachment":[{"href":"https:\/\/www.barragrande24horas.com.br\/v1\/wp-json\/wp\/v2\/media?parent=135126"}],"wp:term":[{"taxonomy":"category","embeddable":true,"href":"https:\/\/www.barragrande24horas.com.br\/v1\/wp-json\/wp\/v2\/categories?post=135126"},{"taxonomy":"post_tag","embeddable":true,"href":"https:\/\/www.barragrande24horas.com.br\/v1\/wp-json\/wp\/v2\/tags?post=135126"}],"curies":[{"name":"wp","href":"https:\/\/api.w.org\/{rel}","templated":true}]}}