{"id":135123,"date":"2023-03-09T19:50:54","date_gmt":"2023-03-09T22:50:54","guid":{"rendered":"https:\/\/www.barragrande24horas.com.br\/v1\/?p=135123"},"modified":"2023-03-09T19:50:54","modified_gmt":"2023-03-09T22:50:54","slug":"marau-realizara-5o-conferencia-municipal-da-saude-no-dia-14-de-marco","status":"publish","type":"post","link":"https:\/\/www.barragrande24horas.com.br\/v1\/2023\/03\/09\/marau-realizara-5o-conferencia-municipal-da-saude-no-dia-14-de-marco\/","title":{"rendered":"MARA\u00da REALIZAR\u00c1 5\u00ba CONFER\u00caNCIA MUNICIPAL DA SA\u00daDE NO DIA 14 DE MAR\u00c7O"},"content":{"rendered":"<p>&nbsp;<\/p>\n<div style=\"text-align: justify;\">A Secretaria de Sa\u00fade da Prefeitura de Mara\u00fa e o Conselho Municipal de Sa\u00fade, realizar\u00e3o no dia 14 de mar\u00e7o a 5\u00aa confer\u00eancia de sa\u00fade do munic\u00edpio. A partir desta confer\u00eancia, ser\u00e3o eleitos delegados que representar\u00e3o o munic\u00edpio na confer\u00eancia estadual e, posteriormente, a etapa nacional que em 2023 chega \u00e0 17\u00aa edi\u00e7\u00e3o.<\/div>\n<div><\/div>\n<div><a href=\"https:\/\/www.barragrande24horas.com.br\/v1\/wp-content\/uploads\/2023\/03\/Imagem-do-WhatsApp-de-2023-03-09-as-19.44.31.jpg\" class=\"gallery_colorbox\"><img loading=\"lazy\" class=\" wp-image-135124 aligncenter\" src=\"https:\/\/www.barragrande24horas.com.br\/v1\/wp-content\/uploads\/2023\/03\/Imagem-do-WhatsApp-de-2023-03-09-as-19.44.31.jpg\"  alt=\"\" width=\"582\" height=\"728\" srcset=\"https:\/\/www.barragrande24horas.com.br\/v1\/wp-content\/uploads\/2023\/03\/Imagem-do-WhatsApp-de-2023-03-09-as-19.44.31.jpg 800w, https:\/\/www.barragrande24horas.com.br\/v1\/wp-content\/uploads\/2023\/03\/Imagem-do-WhatsApp-de-2023-03-09-as-19.44.31-240x300.jpg 240w, https:\/\/www.barragrande24horas.com.br\/v1\/wp-content\/uploads\/2023\/03\/Imagem-do-WhatsApp-de-2023-03-09-as-19.44.31-768x960.jpg 768w\" sizes=\"(max-width: 582px) 100vw, 582px\" \/><\/a><\/div>\n<div><\/div>\n<div style=\"text-align: justify;\">Esta confer\u00eancia \u00e9 um importante momento para representantes do poder p\u00fablico e sociedade em geral discutirem democraticamente os direcionamentos que ser\u00e3o tomados para melhoria de pol\u00edticas p\u00fablicas de sa\u00fade dentro do Sistema \u00danico de Sa\u00fade, o SUS.<\/div>\n<div><\/div>\n<div style=\"text-align: justify;\">O evento que acontece no pr\u00f3ximo dia 14 de mar\u00e7o, no Cras da Sede de Mara\u00fa, tem tema \u201cGarantir Direitos e Defender o SUS, a Vida e a Democracia \u2013 Amanh\u00e3 Vai Ser Outro Dia\u201d.<\/div>\n<p>&nbsp;<\/p>\n<p><strong> Prefeitura Municipal de Mara\u00fa<\/strong><br \/>\nGOVERNO &#8211; O PROGRESSO CONTINUA<\/p>\n","protected":false},"excerpt":{"rendered":"<p>&nbsp; A Secretaria de Sa\u00fade da Prefeitura de Mara\u00fa e o Conselho Municipal de Sa\u00fade, realizar\u00e3o no dia 14 de mar\u00e7o a 5\u00aa confer\u00eancia de sa\u00fade do munic\u00edpio. A partir desta confer\u00eancia, ser\u00e3o eleitos delegados que representar\u00e3o o munic\u00edpio na confer\u00eancia estadual e, posteriormente, a etapa nacional que em 2023 chega \u00e0 17\u00aa edi\u00e7\u00e3o. Esta confer\u00eancia \u00e9 um importante momento para representantes do poder p\u00fablico e sociedade em geral discutirem democraticamente os direcionamentos que ser\u00e3o tomados para melhoria de pol\u00edticas p\u00fablicas de sa\u00fade dentro do Sistema \u00danico de Sa\u00fade, o SUS. O evento que acontece no pr\u00f3ximo dia 14 de [&hellip;]<\/p>\n","protected":false},"author":2,"featured_media":135124,"comment_status":"closed","ping_status":"open","sticky":false,"template":"","format":"standard","meta":[],"categories":[27],"tags":[],"_links":{"self":[{"href":"https:\/\/www.barragrande24horas.com.br\/v1\/wp-json\/wp\/v2\/posts\/135123"}],"collection":[{"href":"https:\/\/www.barragrande24horas.com.br\/v1\/wp-json\/wp\/v2\/posts"}],"about":[{"href":"https:\/\/www.barragrande24horas.com.br\/v1\/wp-json\/wp\/v2\/types\/post"}],"author":[{"embeddable":true,"href":"https:\/\/www.barragrande24horas.com.br\/v1\/wp-json\/wp\/v2\/users\/2"}],"replies":[{"embeddable":true,"href":"https:\/\/www.barragrande24horas.com.br\/v1\/wp-json\/wp\/v2\/comments?post=135123"}],"version-history":[{"count":1,"href":"https:\/\/www.barragrande24horas.com.br\/v1\/wp-json\/wp\/v2\/posts\/135123\/revisions"}],"predecessor-version":[{"id":135125,"href":"https:\/\/www.barragrande24horas.com.br\/v1\/wp-json\/wp\/v2\/posts\/135123\/revisions\/135125"}],"wp:featuredmedia":[{"embeddable":true,"href":"https:\/\/www.barragrande24horas.com.br\/v1\/wp-json\/wp\/v2\/media\/135124"}],"wp:attachment":[{"href":"https:\/\/www.barragrande24horas.com.br\/v1\/wp-json\/wp\/v2\/media?parent=135123"}],"wp:term":[{"taxonomy":"category","embeddable":true,"href":"https:\/\/www.barragrande24horas.com.br\/v1\/wp-json\/wp\/v2\/categories?post=135123"},{"taxonomy":"post_tag","embeddable":true,"href":"https:\/\/www.barragrande24horas.com.br\/v1\/wp-json\/wp\/v2\/tags?post=135123"}],"curies":[{"name":"wp","href":"https:\/\/api.w.org\/{rel}","templated":true}]}}