{"id":135111,"date":"2023-03-07T22:37:45","date_gmt":"2023-03-08T01:37:45","guid":{"rendered":"https:\/\/www.barragrande24horas.com.br\/v1\/?p=135111"},"modified":"2023-03-07T22:37:45","modified_gmt":"2023-03-08T01:37:45","slug":"vereador-augusto-solicita-construcao-de-uma-nova-escola-municipal-em-barra-grande","status":"publish","type":"post","link":"https:\/\/www.barragrande24horas.com.br\/v1\/2023\/03\/07\/vereador-augusto-solicita-construcao-de-uma-nova-escola-municipal-em-barra-grande\/","title":{"rendered":"VEREADOR AUGUSTO SOLICITA CONSTRU\u00c7\u00c3O DE UMA NOVA ESCOLA MUNICIPAL EM BARRA GRANDE"},"content":{"rendered":"<p>&nbsp;<\/p>\n<p style=\"text-align: justify;\">O vereador Augusto Santana (PSDB), apresentou durante a sess\u00e3o ordin\u00e1ria, a indica\u00e7\u00e3o n\u00b0 001\/2023, que solicita ao Poder Executivo Municipal a constru\u00e7\u00e3o de uma Escola Municipal de Educa\u00e7\u00e3o no distrito de Barra Grande, visando atender \u00e0 grande demanda dos alunos do ensino fundamental I.<\/p>\n<p style=\"text-align: justify;\">Para Augusto, assegurar uma educa\u00e7\u00e3o de boa qualidade tende a contribuir para o melhor desenvolvimento das crian\u00e7as. O parlamentar ainda enfatizou o constante crescimento desta regi\u00e3o, acrescentando mais justificativas para embasarem a apresenta\u00e7\u00e3o desta indica\u00e7\u00e3o. O vereador ainda qualificou este, como sendo um desafio que o Poder P\u00fablico precisa enfrentar rapidamente<\/p>\n","protected":false},"excerpt":{"rendered":"<p>&nbsp; O vereador Augusto Santana (PSDB), apresentou durante a sess\u00e3o ordin\u00e1ria, a indica\u00e7\u00e3o n\u00b0 001\/2023, que solicita ao Poder Executivo Municipal a constru\u00e7\u00e3o de uma Escola Municipal de Educa\u00e7\u00e3o no distrito de Barra Grande, visando atender \u00e0 grande demanda dos alunos do ensino fundamental I. Para Augusto, assegurar uma educa\u00e7\u00e3o de boa qualidade tende a contribuir para o melhor desenvolvimento das crian\u00e7as. O parlamentar ainda enfatizou o constante crescimento desta regi\u00e3o, acrescentando mais justificativas para embasarem a apresenta\u00e7\u00e3o desta indica\u00e7\u00e3o. O vereador ainda qualificou este, como sendo um desafio que o Poder P\u00fablico precisa enfrentar rapidamente<\/p>\n","protected":false},"author":2,"featured_media":128016,"comment_status":"closed","ping_status":"open","sticky":false,"template":"","format":"standard","meta":[],"categories":[26],"tags":[],"_links":{"self":[{"href":"https:\/\/www.barragrande24horas.com.br\/v1\/wp-json\/wp\/v2\/posts\/135111"}],"collection":[{"href":"https:\/\/www.barragrande24horas.com.br\/v1\/wp-json\/wp\/v2\/posts"}],"about":[{"href":"https:\/\/www.barragrande24horas.com.br\/v1\/wp-json\/wp\/v2\/types\/post"}],"author":[{"embeddable":true,"href":"https:\/\/www.barragrande24horas.com.br\/v1\/wp-json\/wp\/v2\/users\/2"}],"replies":[{"embeddable":true,"href":"https:\/\/www.barragrande24horas.com.br\/v1\/wp-json\/wp\/v2\/comments?post=135111"}],"version-history":[{"count":1,"href":"https:\/\/www.barragrande24horas.com.br\/v1\/wp-json\/wp\/v2\/posts\/135111\/revisions"}],"predecessor-version":[{"id":135112,"href":"https:\/\/www.barragrande24horas.com.br\/v1\/wp-json\/wp\/v2\/posts\/135111\/revisions\/135112"}],"wp:featuredmedia":[{"embeddable":true,"href":"https:\/\/www.barragrande24horas.com.br\/v1\/wp-json\/wp\/v2\/media\/128016"}],"wp:attachment":[{"href":"https:\/\/www.barragrande24horas.com.br\/v1\/wp-json\/wp\/v2\/media?parent=135111"}],"wp:term":[{"taxonomy":"category","embeddable":true,"href":"https:\/\/www.barragrande24horas.com.br\/v1\/wp-json\/wp\/v2\/categories?post=135111"},{"taxonomy":"post_tag","embeddable":true,"href":"https:\/\/www.barragrande24horas.com.br\/v1\/wp-json\/wp\/v2\/tags?post=135111"}],"curies":[{"name":"wp","href":"https:\/\/api.w.org\/{rel}","templated":true}]}}