{"id":135054,"date":"2023-03-05T23:30:05","date_gmt":"2023-03-06T02:30:05","guid":{"rendered":"https:\/\/www.barragrande24horas.com.br\/v1\/?p=135054"},"modified":"2023-03-05T23:30:05","modified_gmt":"2023-03-06T02:30:05","slug":"policial-militar-de-ilheus-e-assassinado-em-festa-paredao-em-eunapolis","status":"publish","type":"post","link":"https:\/\/www.barragrande24horas.com.br\/v1\/2023\/03\/05\/policial-militar-de-ilheus-e-assassinado-em-festa-paredao-em-eunapolis\/","title":{"rendered":"POLICIAL MILITAR DE ILH\u00c9US \u00c9 ASSASSINADO EM FESTA PARED\u00c3O EM EUN\u00c1POLIS"},"content":{"rendered":"<p>Um soldado da Pol\u00edcia Militar foi baleado e morreu durante troca de tiros com um bandido, na madrugada deste domingo (5), em uma festa no bairro Colonial, em Eun\u00e1polis, no extremo-sul da Bahia. De acordo com investiga\u00e7\u00f5es da Pol\u00edcia Civil, o PM Daniel Santiago de Souza, de 33 anos, estava de folga e curtia a festa pared\u00e3o com amigos quando teria ocorrido desentendimento com Alexandre Santana Gon\u00e7alves, de 23, que tamb\u00e9m foi baleado e morreu pouco tempo depois de chegar ao Hospital Regional de Eun\u00e1polis.<\/p>\n<p>As primeiras informa\u00e7\u00f5es s\u00e3o de que Alexandre Santana, que tem passagens pela pol\u00edcia, sacou a arma e atirou no soldado Daniel Santiago, que teve tempo de reagir e atingir o criminoso. Al\u00e9m de Alexandre, um homem identificado como T\u00falio Nascimento, de 27 anos, teria participado do ataque ao PM. T\u00falio foi morto na manh\u00e3 de hoje, no confronto com policiais da Companhia Independentes de Policiamento T\u00e1tico (Rondesp-Sul).<\/p>\n<p><a href=\"https:\/\/www.barragrande24horas.com.br\/v1\/wp-content\/uploads\/2023\/03\/Alexandre-e-Tulio-eram-suspeitos-de-matar-o-PM-1024x512-1.jpg\" class=\"gallery_colorbox\"><img loading=\"lazy\" class=\" wp-image-135055 aligncenter\" src=\"https:\/\/www.barragrande24horas.com.br\/v1\/wp-content\/uploads\/2023\/03\/Alexandre-e-Tulio-eram-suspeitos-de-matar-o-PM-1024x512-1.jpg\"  alt=\"\" width=\"576\" height=\"288\" srcset=\"https:\/\/www.barragrande24horas.com.br\/v1\/wp-content\/uploads\/2023\/03\/Alexandre-e-Tulio-eram-suspeitos-de-matar-o-PM-1024x512-1.jpg 800w, https:\/\/www.barragrande24horas.com.br\/v1\/wp-content\/uploads\/2023\/03\/Alexandre-e-Tulio-eram-suspeitos-de-matar-o-PM-1024x512-1-300x150.jpg 300w, https:\/\/www.barragrande24horas.com.br\/v1\/wp-content\/uploads\/2023\/03\/Alexandre-e-Tulio-eram-suspeitos-de-matar-o-PM-1024x512-1-768x384.jpg 768w, https:\/\/www.barragrande24horas.com.br\/v1\/wp-content\/uploads\/2023\/03\/Alexandre-e-Tulio-eram-suspeitos-de-matar-o-PM-1024x512-1-400x200.jpg 400w, https:\/\/www.barragrande24horas.com.br\/v1\/wp-content\/uploads\/2023\/03\/Alexandre-e-Tulio-eram-suspeitos-de-matar-o-PM-1024x512-1-600x300.jpg 600w\" sizes=\"(max-width: 576px) 100vw, 576px\" \/><\/a><\/p>\n<div class=\"g g-4\">\n<div class=\"g-single a-23\">\n<p>Daniel Santiago de Souza estava na Pol\u00edcia Militar da Bahia h\u00e1 12 anos. De folga, ele e um amigo viajaram para o extremo-sul, onde passariam o final de semana. Tamb\u00e9m baleado no tiroteio, o amigo de Daniel foi levado para o Hospital Regional em estado grave. N\u00e3o informa\u00e7\u00f5es sobre o quadro de sa\u00fade do rapaz. O corpo do policial deve ser sepultado nesta segunda-feira (6) em Ilh\u00e9us. O tiroteio \u00e9 investigado pela Coordenaria Regional da Pol\u00edcia Civil em Eun\u00e1polis.<\/p>\n<p>Blog Pimenta<\/p>\n<div class=\"addtoany_share_save_container addtoany_content addtoany_content_bottom\">\n<div class=\"a2a_kit a2a_kit_size_30 addtoany_list\" data-a2a-url=\"https:\/\/pimenta.blog.br\/2023\/03\/05\/policial-militar-de-ilheus-e-assassinado-em-festa-paredao-em-eunapolis\/\" data-a2a-title=\"POLICIAL MILITAR DE ILH\u00c9US \u00c9 ASSASSINADO EM FESTA PARED\u00c3O EM EUN\u00c1POLIS\"><\/div>\n<\/div>\n<\/div>\n<\/div>\n","protected":false},"excerpt":{"rendered":"<p>Um soldado da Pol\u00edcia Militar foi baleado e morreu durante troca de tiros com um bandido, na madrugada deste domingo (5), em uma festa no bairro Colonial, em Eun\u00e1polis, no extremo-sul da Bahia. De acordo com investiga\u00e7\u00f5es da Pol\u00edcia Civil, o PM Daniel Santiago de Souza, de 33 anos, estava de folga e curtia a festa pared\u00e3o com amigos quando teria ocorrido desentendimento com Alexandre Santana Gon\u00e7alves, de 23, que tamb\u00e9m foi baleado e morreu pouco tempo depois de chegar ao Hospital Regional de Eun\u00e1polis. As primeiras informa\u00e7\u00f5es s\u00e3o de que Alexandre Santana, que tem passagens pela pol\u00edcia, sacou a [&hellip;]<\/p>\n","protected":false},"author":2,"featured_media":135056,"comment_status":"closed","ping_status":"open","sticky":false,"template":"","format":"standard","meta":[],"categories":[3],"tags":[],"_links":{"self":[{"href":"https:\/\/www.barragrande24horas.com.br\/v1\/wp-json\/wp\/v2\/posts\/135054"}],"collection":[{"href":"https:\/\/www.barragrande24horas.com.br\/v1\/wp-json\/wp\/v2\/posts"}],"about":[{"href":"https:\/\/www.barragrande24horas.com.br\/v1\/wp-json\/wp\/v2\/types\/post"}],"author":[{"embeddable":true,"href":"https:\/\/www.barragrande24horas.com.br\/v1\/wp-json\/wp\/v2\/users\/2"}],"replies":[{"embeddable":true,"href":"https:\/\/www.barragrande24horas.com.br\/v1\/wp-json\/wp\/v2\/comments?post=135054"}],"version-history":[{"count":1,"href":"https:\/\/www.barragrande24horas.com.br\/v1\/wp-json\/wp\/v2\/posts\/135054\/revisions"}],"predecessor-version":[{"id":135057,"href":"https:\/\/www.barragrande24horas.com.br\/v1\/wp-json\/wp\/v2\/posts\/135054\/revisions\/135057"}],"wp:featuredmedia":[{"embeddable":true,"href":"https:\/\/www.barragrande24horas.com.br\/v1\/wp-json\/wp\/v2\/media\/135056"}],"wp:attachment":[{"href":"https:\/\/www.barragrande24horas.com.br\/v1\/wp-json\/wp\/v2\/media?parent=135054"}],"wp:term":[{"taxonomy":"category","embeddable":true,"href":"https:\/\/www.barragrande24horas.com.br\/v1\/wp-json\/wp\/v2\/categories?post=135054"},{"taxonomy":"post_tag","embeddable":true,"href":"https:\/\/www.barragrande24horas.com.br\/v1\/wp-json\/wp\/v2\/tags?post=135054"}],"curies":[{"name":"wp","href":"https:\/\/api.w.org\/{rel}","templated":true}]}}