{"id":134481,"date":"2022-11-22T21:39:14","date_gmt":"2022-11-23T00:39:14","guid":{"rendered":"https:\/\/www.barragrande24horas.com.br\/v1\/?p=134481"},"modified":"2022-11-22T21:39:14","modified_gmt":"2022-11-23T00:39:14","slug":"prefeitura-de-marau-realiza-festa-da-padroeira-de-ibiacu-com-shows-de-binho-alves-cris-freitas-e-danzinho-h3","status":"publish","type":"post","link":"https:\/\/www.barragrande24horas.com.br\/v1\/2022\/11\/22\/prefeitura-de-marau-realiza-festa-da-padroeira-de-ibiacu-com-shows-de-binho-alves-cris-freitas-e-danzinho-h3\/","title":{"rendered":"PREFEITURA DE MARA\u00da REALIZA FESTA DA PADROEIRA DE IBIA\u00c7\u00da COM SHOWS DE BINHO ALVES, CRIS FREITAS E DANZINHO H3"},"content":{"rendered":"<p style=\"text-align: justify;\">O prefeito de Mara\u00fa, Manass\u00e9s Souza confirmou o retorno da tradicional festa de Nossa Senhora da Concei\u00e7\u00e3o, padroeira do distrito de Ibia\u00e7\u00fa. A festa que acontece no s\u00e1bado, 10 de dezembro, com in\u00edcio previsto para 22h na pra\u00e7a do distrito.<\/p>\n<p><a href=\"https:\/\/www.barragrande24horas.com.br\/v1\/wp-content\/uploads\/2022\/11\/WhatsApp-Image-2022-11-22-at-21.36.44.jpeg\" class=\"gallery_colorbox\"><img loading=\"lazy\" class=\" wp-image-134482 aligncenter\" src=\"https:\/\/www.barragrande24horas.com.br\/v1\/wp-content\/uploads\/2022\/11\/WhatsApp-Image-2022-11-22-at-21.36.44.jpeg\"  alt=\"\" width=\"585\" height=\"731\" srcset=\"https:\/\/www.barragrande24horas.com.br\/v1\/wp-content\/uploads\/2022\/11\/WhatsApp-Image-2022-11-22-at-21.36.44.jpeg 800w, https:\/\/www.barragrande24horas.com.br\/v1\/wp-content\/uploads\/2022\/11\/WhatsApp-Image-2022-11-22-at-21.36.44-240x300.jpeg 240w, https:\/\/www.barragrande24horas.com.br\/v1\/wp-content\/uploads\/2022\/11\/WhatsApp-Image-2022-11-22-at-21.36.44-768x960.jpeg 768w\" sizes=\"(max-width: 585px) 100vw, 585px\" \/><\/a><\/p>\n<p style=\"text-align: justify;\">A anima\u00e7\u00e3o fica por conta dos cantores: Binho Alves, Cris Freitas e Danzinho H3. O evento \u00e9 uma realiza\u00e7\u00e3o da Prefeitura Municipal de Mara\u00fa, Diretoria de Eventos com apoio da C\u00e2mara de Vereadores.<\/p>\n<p style=\"text-align: justify;\">Prefeitura Municipal De Mara\u00fa<br \/>\nGOVERNO &#8211; O PROGRESSO CONTINUA<\/p>\n<p style=\"text-align: justify;\">\n","protected":false},"excerpt":{"rendered":"<p>O prefeito de Mara\u00fa, Manass\u00e9s Souza confirmou o retorno da tradicional festa de Nossa Senhora da Concei\u00e7\u00e3o, padroeira do distrito de Ibia\u00e7\u00fa. A festa que acontece no s\u00e1bado, 10 de dezembro, com in\u00edcio previsto para 22h na pra\u00e7a do distrito. A anima\u00e7\u00e3o fica por conta dos cantores: Binho Alves, Cris Freitas e Danzinho H3. O evento \u00e9 uma realiza\u00e7\u00e3o da Prefeitura Municipal de Mara\u00fa, Diretoria de Eventos com apoio da C\u00e2mara de Vereadores. Prefeitura Municipal De Mara\u00fa GOVERNO &#8211; O PROGRESSO CONTINUA<\/p>\n","protected":false},"author":2,"featured_media":134482,"comment_status":"closed","ping_status":"open","sticky":false,"template":"","format":"standard","meta":[],"categories":[27],"tags":[],"_links":{"self":[{"href":"https:\/\/www.barragrande24horas.com.br\/v1\/wp-json\/wp\/v2\/posts\/134481"}],"collection":[{"href":"https:\/\/www.barragrande24horas.com.br\/v1\/wp-json\/wp\/v2\/posts"}],"about":[{"href":"https:\/\/www.barragrande24horas.com.br\/v1\/wp-json\/wp\/v2\/types\/post"}],"author":[{"embeddable":true,"href":"https:\/\/www.barragrande24horas.com.br\/v1\/wp-json\/wp\/v2\/users\/2"}],"replies":[{"embeddable":true,"href":"https:\/\/www.barragrande24horas.com.br\/v1\/wp-json\/wp\/v2\/comments?post=134481"}],"version-history":[{"count":2,"href":"https:\/\/www.barragrande24horas.com.br\/v1\/wp-json\/wp\/v2\/posts\/134481\/revisions"}],"predecessor-version":[{"id":134484,"href":"https:\/\/www.barragrande24horas.com.br\/v1\/wp-json\/wp\/v2\/posts\/134481\/revisions\/134484"}],"wp:featuredmedia":[{"embeddable":true,"href":"https:\/\/www.barragrande24horas.com.br\/v1\/wp-json\/wp\/v2\/media\/134482"}],"wp:attachment":[{"href":"https:\/\/www.barragrande24horas.com.br\/v1\/wp-json\/wp\/v2\/media?parent=134481"}],"wp:term":[{"taxonomy":"category","embeddable":true,"href":"https:\/\/www.barragrande24horas.com.br\/v1\/wp-json\/wp\/v2\/categories?post=134481"},{"taxonomy":"post_tag","embeddable":true,"href":"https:\/\/www.barragrande24horas.com.br\/v1\/wp-json\/wp\/v2\/tags?post=134481"}],"curies":[{"name":"wp","href":"https:\/\/api.w.org\/{rel}","templated":true}]}}