{"id":134463,"date":"2022-11-21T11:06:56","date_gmt":"2022-11-21T14:06:56","guid":{"rendered":"https:\/\/www.barragrande24horas.com.br\/v1\/?p=134463"},"modified":"2022-11-21T11:06:56","modified_gmt":"2022-11-21T14:06:56","slug":"governo-federal-libera-contratacao-sem-processo-seletivo-para-o-censo-2022","status":"publish","type":"post","link":"https:\/\/www.barragrande24horas.com.br\/v1\/2022\/11\/21\/governo-federal-libera-contratacao-sem-processo-seletivo-para-o-censo-2022\/","title":{"rendered":"GOVERNO FEDERAL LIBERA CONTRATA\u00c7\u00c3O SEM PROCESSO SELETIVO PARA O CENSO 2022"},"content":{"rendered":"<p>O presidente Jair Bolsonaro (PL) editou uma medida provis\u00f3ria nesta segunda-feira (21) que autoriza a contrata\u00e7\u00e3o, sem processo seletivo, de funcion\u00e1rios para atuarem no Censo Demogr\u00e1fico 2022. Segundo o G1, a MP define ainda que servidores aposentados da Uni\u00e3o, Estados, Distrito Federal ou Munic\u00edpios podem ser contratados.<\/p>\n<p>Por falta de recenseadores, o Instituto Brasileiro de Geografia e Estat\u00edstica (IBGE) j\u00e1 havia adiado a conclus\u00e3o do Censo para dezembro deste ano.<\/p>\n<p>A falta de recenseadores \u00e9 apontada pelo instituto como a principal raz\u00e3o para o atraso na coleta dos dados, prevista inicialmente para acabar no fim de outubro. O prazo de conclus\u00e3o foi prorrogado duas vezes e agora est\u00e1 para meados de dezembro.<\/p>\n","protected":false},"excerpt":{"rendered":"<p>O presidente Jair Bolsonaro (PL) editou uma medida provis\u00f3ria nesta segunda-feira (21) que autoriza a contrata\u00e7\u00e3o, sem processo seletivo, de funcion\u00e1rios para atuarem no Censo Demogr\u00e1fico 2022. Segundo o G1, a MP define ainda que servidores aposentados da Uni\u00e3o, Estados, Distrito Federal ou Munic\u00edpios podem ser contratados. Por falta de recenseadores, o Instituto Brasileiro de Geografia e Estat\u00edstica (IBGE) j\u00e1 havia adiado a conclus\u00e3o do Censo para dezembro deste ano. A falta de recenseadores \u00e9 apontada pelo instituto como a principal raz\u00e3o para o atraso na coleta dos dados, prevista inicialmente para acabar no fim de outubro. O prazo de [&hellip;]<\/p>\n","protected":false},"author":2,"featured_media":134464,"comment_status":"closed","ping_status":"open","sticky":false,"template":"","format":"standard","meta":[],"categories":[8],"tags":[],"_links":{"self":[{"href":"https:\/\/www.barragrande24horas.com.br\/v1\/wp-json\/wp\/v2\/posts\/134463"}],"collection":[{"href":"https:\/\/www.barragrande24horas.com.br\/v1\/wp-json\/wp\/v2\/posts"}],"about":[{"href":"https:\/\/www.barragrande24horas.com.br\/v1\/wp-json\/wp\/v2\/types\/post"}],"author":[{"embeddable":true,"href":"https:\/\/www.barragrande24horas.com.br\/v1\/wp-json\/wp\/v2\/users\/2"}],"replies":[{"embeddable":true,"href":"https:\/\/www.barragrande24horas.com.br\/v1\/wp-json\/wp\/v2\/comments?post=134463"}],"version-history":[{"count":1,"href":"https:\/\/www.barragrande24horas.com.br\/v1\/wp-json\/wp\/v2\/posts\/134463\/revisions"}],"predecessor-version":[{"id":134465,"href":"https:\/\/www.barragrande24horas.com.br\/v1\/wp-json\/wp\/v2\/posts\/134463\/revisions\/134465"}],"wp:featuredmedia":[{"embeddable":true,"href":"https:\/\/www.barragrande24horas.com.br\/v1\/wp-json\/wp\/v2\/media\/134464"}],"wp:attachment":[{"href":"https:\/\/www.barragrande24horas.com.br\/v1\/wp-json\/wp\/v2\/media?parent=134463"}],"wp:term":[{"taxonomy":"category","embeddable":true,"href":"https:\/\/www.barragrande24horas.com.br\/v1\/wp-json\/wp\/v2\/categories?post=134463"},{"taxonomy":"post_tag","embeddable":true,"href":"https:\/\/www.barragrande24horas.com.br\/v1\/wp-json\/wp\/v2\/tags?post=134463"}],"curies":[{"name":"wp","href":"https:\/\/api.w.org\/{rel}","templated":true}]}}