{"id":134426,"date":"2022-11-14T14:32:48","date_gmt":"2022-11-14T17:32:48","guid":{"rendered":"https:\/\/www.barragrande24horas.com.br\/v1\/?p=134426"},"modified":"2022-11-14T14:32:48","modified_gmt":"2022-11-14T17:32:48","slug":"prefeita-de-primavera-e-marido-sofrem-acidente-de-moto-na-bahia-ele-morreu-e-ela-foi-socorrida-para-hospital","status":"publish","type":"post","link":"https:\/\/www.barragrande24horas.com.br\/v1\/2022\/11\/14\/prefeita-de-primavera-e-marido-sofrem-acidente-de-moto-na-bahia-ele-morreu-e-ela-foi-socorrida-para-hospital\/","title":{"rendered":"Prefeita de Primavera e marido sofrem acidente de moto na Bahia; ele morreu e ela foi socorrida para hospital"},"content":{"rendered":"<div id=\"chunk-dpth3\">\n<div class=\"mc-column content-text active-extra-styles \" data-block-type=\"unstyled\" data-block-weight=\"53\" data-block-id=\"3\">\n<p class=\"content-text__container \" data-track-category=\"Link no Texto\" data-track-links=\"\">A prefeita de\u00a0<a href=\"https:\/\/g1.globo.com\/pe\/pernambuco\/cidade\/primavera-pe\/\">Primavera<\/a>, Dayse Juliana (PSB), e o marido dela, Jo\u00e3o Paulo Rocha da Silva, sofreram um acidente de moto na noite do domingo (13), na cidade de\u00a0<a href=\"https:\/\/g1.globo.com\/ba\/bahia\/cidade\/paulo-afonso\/\">Paulo Afonso<\/a>, na Bahia. Ele, que era secret\u00e1rio de Governo do munic\u00edpio, n\u00e3o resistiu aos ferimentos, e ela foi socorrida para um hospital.<\/p>\n<\/div>\n<\/div>\n<div class=\"wall protected-content\">\n<div class=\"mc-column content-text active-extra-styles\" data-block-type=\"raw\" data-block-weight=\"6\" data-block-id=\"4\">\n<div id=\"chunk-5aj3u\">\n<div class=\"mc-column content-text active-extra-styles \" data-block-type=\"unstyled\" data-block-weight=\"38\" data-block-id=\"5\">\n<p class=\"content-text__container \" data-track-category=\"Link no Texto\" data-track-links=\"\">O acidente aconteceu quando o casal voltava de uma viagem ao Distrito Federal. A prefeita de Primavera teve uma fratura no bra\u00e7o esquerdo, passou por uma cirurgia e est\u00e1 bem, de acordo com o boletim m\u00e9dico.<\/p>\n<\/div>\n<\/div>\n<div id=\"chunk-qq3j\">\n<div class=\"mc-column content-text active-extra-styles \" data-block-type=\"unstyled\" data-block-weight=\"38\" data-block-id=\"6\">\n<p class=\"content-text__container \" data-track-category=\"Link no Texto\" data-track-links=\"\">&#8220;Foi realizado o procedimento cir\u00fargico, ela passa bem, est\u00e1 consciente e est\u00e1 completamente fora de risco, aguardando os procedimentos para ser transferida para\u00a0<a href=\"https:\/\/g1.globo.com\/pe\/pernambuco\/cidade\/recife\/\">Recife<\/a>&#8220;, afirmou a assessoria da prefeita de Primavera, por meio de nota publicada no\u00a0<a href=\"https:\/\/g1.globo.com\/tudo-sobre\/instagram\/\">Instagram<\/a>.<\/p>\n<div id=\"chunk-epi7\">\n<div class=\"mc-column content-text active-extra-styles \" data-block-type=\"unstyled\" data-block-weight=\"29\" data-block-id=\"8\">\n<p class=\"content-text__container \" data-track-category=\"Link no Texto\" data-track-links=\"\">Ainda no comunicado, a assessoria da prefeita declarou que &#8220;Dayse e sua fam\u00edlia agradecem as manifesta\u00e7\u00f5es de solidariedade e ora\u00e7\u00f5es que vem recebendo de todos nesse momento t\u00e3o dif\u00edcil&#8221;.<\/p>\n<\/div>\n<\/div>\n<div id=\"chunk-d522p\">\n<div class=\"mc-column content-text active-extra-styles \" data-block-type=\"unstyled\" data-block-weight=\"20\" data-block-id=\"9\">\n<p class=\"content-text__container \" data-track-category=\"Link no Texto\" data-track-links=\"\">A morte de Jo\u00e3o Paulo foi confirmada pela prefeitura de Primavera tamb\u00e9m atrav\u00e9s de uma postagem nas redes sociais.<\/p>\n<\/div>\n<\/div>\n<div id=\"chunk-4dpsc\">\n<div class=\"mc-column content-text active-extra-styles \" data-block-type=\"unstyled\" data-block-weight=\"32\" data-block-id=\"10\">\n<p class=\"content-text__container \" data-track-category=\"Link no Texto\" data-track-links=\"\">&#8220;\u00c9 com o mais profundo pesar que lamentamos o falecimento de Jo\u00e3o Paulo, secret\u00e1rio de Governo de Primavera e marido da prefeita Dayse Juliana&#8221;, declarou a prefeitura em mensagem postada no Instagram.<\/p>\n<\/div>\n<\/div>\n<\/div>\n<\/div>\n<\/div>\n<\/div>\n","protected":false},"excerpt":{"rendered":"<p>A prefeita de\u00a0Primavera, Dayse Juliana (PSB), e o marido dela, Jo\u00e3o Paulo Rocha da Silva, sofreram um acidente de moto na noite do domingo (13), na cidade de\u00a0Paulo Afonso, na Bahia. Ele, que era secret\u00e1rio de Governo do munic\u00edpio, n\u00e3o resistiu aos ferimentos, e ela foi socorrida para um hospital. O acidente aconteceu quando o casal voltava de uma viagem ao Distrito Federal. A prefeita de Primavera teve uma fratura no bra\u00e7o esquerdo, passou por uma cirurgia e est\u00e1 bem, de acordo com o boletim m\u00e9dico. &#8220;Foi realizado o procedimento cir\u00fargico, ela passa bem, est\u00e1 consciente e est\u00e1 completamente fora [&hellip;]<\/p>\n","protected":false},"author":2,"featured_media":134427,"comment_status":"closed","ping_status":"open","sticky":false,"template":"","format":"standard","meta":[],"categories":[8],"tags":[],"_links":{"self":[{"href":"https:\/\/www.barragrande24horas.com.br\/v1\/wp-json\/wp\/v2\/posts\/134426"}],"collection":[{"href":"https:\/\/www.barragrande24horas.com.br\/v1\/wp-json\/wp\/v2\/posts"}],"about":[{"href":"https:\/\/www.barragrande24horas.com.br\/v1\/wp-json\/wp\/v2\/types\/post"}],"author":[{"embeddable":true,"href":"https:\/\/www.barragrande24horas.com.br\/v1\/wp-json\/wp\/v2\/users\/2"}],"replies":[{"embeddable":true,"href":"https:\/\/www.barragrande24horas.com.br\/v1\/wp-json\/wp\/v2\/comments?post=134426"}],"version-history":[{"count":1,"href":"https:\/\/www.barragrande24horas.com.br\/v1\/wp-json\/wp\/v2\/posts\/134426\/revisions"}],"predecessor-version":[{"id":134428,"href":"https:\/\/www.barragrande24horas.com.br\/v1\/wp-json\/wp\/v2\/posts\/134426\/revisions\/134428"}],"wp:featuredmedia":[{"embeddable":true,"href":"https:\/\/www.barragrande24horas.com.br\/v1\/wp-json\/wp\/v2\/media\/134427"}],"wp:attachment":[{"href":"https:\/\/www.barragrande24horas.com.br\/v1\/wp-json\/wp\/v2\/media?parent=134426"}],"wp:term":[{"taxonomy":"category","embeddable":true,"href":"https:\/\/www.barragrande24horas.com.br\/v1\/wp-json\/wp\/v2\/categories?post=134426"},{"taxonomy":"post_tag","embeddable":true,"href":"https:\/\/www.barragrande24horas.com.br\/v1\/wp-json\/wp\/v2\/tags?post=134426"}],"curies":[{"name":"wp","href":"https:\/\/api.w.org\/{rel}","templated":true}]}}