{"id":134398,"date":"2022-11-12T16:38:46","date_gmt":"2022-11-12T19:38:46","guid":{"rendered":"https:\/\/www.barragrande24horas.com.br\/v1\/?p=134398"},"modified":"2022-11-12T16:38:46","modified_gmt":"2022-11-12T19:38:46","slug":"cris-freitas-indio-cantador-e-biriba-pancadao-agitam-festa-do-padroeiro-de-campinhos-neste-sabado","status":"publish","type":"post","link":"https:\/\/www.barragrande24horas.com.br\/v1\/2022\/11\/12\/cris-freitas-indio-cantador-e-biriba-pancadao-agitam-festa-do-padroeiro-de-campinhos-neste-sabado\/","title":{"rendered":"CRIS FREITAS, \u00cdNDIO CANTADOR E BIRIBA PANCAD\u00c3O AGITAM FESTA DO PADROEIRO DE CAMPINHOS NESTE S\u00c1BADO"},"content":{"rendered":"<p>&nbsp;<\/p>\n<p style=\"text-align: justify;\">Acontece neste s\u00e1bado (12\/11), na pra\u00e7a do povoado de Campinho, a tradicional festa de S\u00e3o Judas Tadeu que \u00e9 padroeiro da comunidade. A festa foi adiada por conta das elei\u00e7\u00f5es e acontecer\u00e1 na noite de hoje com shows de Cris Freitas, Maur\u00edcio &#8211; O \u00edndio Cantador e Biriba Pancad\u00e3o.\u00a0O evento \u00e9 uma realiza\u00e7\u00e3o da Prefeitura Municipal de Mara\u00fa, com apoio da Diretoria de Eventos.<\/p>\n<p><a href=\"https:\/\/www.barragrande24horas.com.br\/v1\/wp-content\/uploads\/2022\/11\/WhatsApp-Image-2022-11-12-at-16.37.50.jpeg\" class=\"gallery_colorbox\"><img loading=\"lazy\" class=\"size-large wp-image-134400 aligncenter\" src=\"https:\/\/www.barragrande24horas.com.br\/v1\/wp-content\/uploads\/2022\/11\/WhatsApp-Image-2022-11-12-at-16.37.50-819x1024.jpeg\"  alt=\"\" width=\"819\" height=\"1024\" srcset=\"https:\/\/www.barragrande24horas.com.br\/v1\/wp-content\/uploads\/2022\/11\/WhatsApp-Image-2022-11-12-at-16.37.50-819x1024.jpeg 819w, https:\/\/www.barragrande24horas.com.br\/v1\/wp-content\/uploads\/2022\/11\/WhatsApp-Image-2022-11-12-at-16.37.50-240x300.jpeg 240w, https:\/\/www.barragrande24horas.com.br\/v1\/wp-content\/uploads\/2022\/11\/WhatsApp-Image-2022-11-12-at-16.37.50-768x960.jpeg 768w, https:\/\/www.barragrande24horas.com.br\/v1\/wp-content\/uploads\/2022\/11\/WhatsApp-Image-2022-11-12-at-16.37.50.jpeg 1080w\" sizes=\"(max-width: 819px) 100vw, 819px\" \/><\/a><\/p>\n","protected":false},"excerpt":{"rendered":"<p>&nbsp; Acontece neste s\u00e1bado (12\/11), na pra\u00e7a do povoado de Campinho, a tradicional festa de S\u00e3o Judas Tadeu que \u00e9 padroeiro da comunidade. A festa foi adiada por conta das elei\u00e7\u00f5es e acontecer\u00e1 na noite de hoje com shows de Cris Freitas, Maur\u00edcio &#8211; O \u00edndio Cantador e Biriba Pancad\u00e3o.\u00a0O evento \u00e9 uma realiza\u00e7\u00e3o da Prefeitura Municipal de Mara\u00fa, com apoio da Diretoria de Eventos.<\/p>\n","protected":false},"author":2,"featured_media":134400,"comment_status":"closed","ping_status":"open","sticky":false,"template":"","format":"standard","meta":[],"categories":[28],"tags":[],"_links":{"self":[{"href":"https:\/\/www.barragrande24horas.com.br\/v1\/wp-json\/wp\/v2\/posts\/134398"}],"collection":[{"href":"https:\/\/www.barragrande24horas.com.br\/v1\/wp-json\/wp\/v2\/posts"}],"about":[{"href":"https:\/\/www.barragrande24horas.com.br\/v1\/wp-json\/wp\/v2\/types\/post"}],"author":[{"embeddable":true,"href":"https:\/\/www.barragrande24horas.com.br\/v1\/wp-json\/wp\/v2\/users\/2"}],"replies":[{"embeddable":true,"href":"https:\/\/www.barragrande24horas.com.br\/v1\/wp-json\/wp\/v2\/comments?post=134398"}],"version-history":[{"count":2,"href":"https:\/\/www.barragrande24horas.com.br\/v1\/wp-json\/wp\/v2\/posts\/134398\/revisions"}],"predecessor-version":[{"id":134401,"href":"https:\/\/www.barragrande24horas.com.br\/v1\/wp-json\/wp\/v2\/posts\/134398\/revisions\/134401"}],"wp:featuredmedia":[{"embeddable":true,"href":"https:\/\/www.barragrande24horas.com.br\/v1\/wp-json\/wp\/v2\/media\/134400"}],"wp:attachment":[{"href":"https:\/\/www.barragrande24horas.com.br\/v1\/wp-json\/wp\/v2\/media?parent=134398"}],"wp:term":[{"taxonomy":"category","embeddable":true,"href":"https:\/\/www.barragrande24horas.com.br\/v1\/wp-json\/wp\/v2\/categories?post=134398"},{"taxonomy":"post_tag","embeddable":true,"href":"https:\/\/www.barragrande24horas.com.br\/v1\/wp-json\/wp\/v2\/tags?post=134398"}],"curies":[{"name":"wp","href":"https:\/\/api.w.org\/{rel}","templated":true}]}}