{"id":134391,"date":"2022-11-12T16:06:51","date_gmt":"2022-11-12T19:06:51","guid":{"rendered":"https:\/\/www.barragrande24horas.com.br\/v1\/?p=134391"},"modified":"2022-11-12T16:06:51","modified_gmt":"2022-11-12T19:06:51","slug":"governo-da-bahiua-altera-expediente-nos-orgaos-do-estado-em-dias-de-jogos-do-brasil-na-copa-do-mundo","status":"publish","type":"post","link":"https:\/\/www.barragrande24horas.com.br\/v1\/2022\/11\/12\/governo-da-bahiua-altera-expediente-nos-orgaos-do-estado-em-dias-de-jogos-do-brasil-na-copa-do-mundo\/","title":{"rendered":"GOVERNO DA BAHIUA ALTERA EXPEDIENTE NOS \u00d3RG\u00c3OS DO ESTADO EM DIAS DE JOGOS DO BRASIL NA COPA DO MUNDO"},"content":{"rendered":"<p>&nbsp;<\/p>\n<p>&nbsp;<\/p>\n<div id=\"chunk-6pfbr\">\n<div class=\"mc-column content-text active-extra-styles \" data-block-type=\"unstyled\" data-block-weight=\"41\" data-block-id=\"3\">\n<p class=\"content-text__container \" data-track-category=\"Link no Texto\" data-track-links=\"\">O Governo da Bahia publicou um decreto, na edi\u00e7\u00e3o desta quarta-feira (9) do Di\u00e1rio Oficial do Estado (DOE), que prev\u00ea altera\u00e7\u00f5es no expediente nas reparti\u00e7\u00f5es p\u00fablicas estaduais durante a participa\u00e7\u00e3o da Sele\u00e7\u00e3o Brasileira de Futebol na Copa do Mundo 2022.<\/p>\n<\/div>\n<\/div>\n<div class=\"wall protected-content\">\n<div class=\"mc-column content-text active-extra-styles\" data-block-type=\"raw\" data-block-weight=\"46\" data-block-id=\"4\">\n<div class=\"mc-column content-text active-extra-styles\" data-block-type=\"raw\" data-block-weight=\"46\" data-block-id=\"4\">\n<ul class=\"content-unordered-list\">\n<li>De acordo com a medida, assinada pelo governador Rui Costa, nos dias em que os<strong>\u00a0jogos do Brasil se iniciarem \u00e0s 13h<\/strong>, o\u00a0<span class=\"highlight highlighted\">expediente ser\u00e1 das 8h \u00e0s 12h<\/span>.<\/li>\n<li>Nos dias em que\u00a0<strong>as partidas sejam iniciadas \u00e0s 16h<\/strong>, o\u00a0<span class=\"highlight highlighted\">expediente ser\u00e1 das 8h \u00e0s 15h<\/span>.<\/li>\n<\/ul>\n<p>&nbsp;<\/p>\n<\/div>\n<div id=\"chunk-bjan9\">\n<div class=\"mc-column content-text active-extra-styles \" data-block-type=\"unstyled\" data-block-weight=\"27\" data-block-id=\"5\">\n<p class=\"content-text__container \" data-track-category=\"Link no Texto\" data-track-links=\"\">Caso a sele\u00e7\u00e3o brasileira avance para as fases eliminat\u00f3rias, ser\u00e1 aplicada a mesma regra, com libera\u00e7\u00e3o do expediente at\u00e9 uma hora antes do in\u00edcio da partida.<\/p>\n<div id=\"chunk-73ie3\">\n<div class=\"mc-column content-text active-extra-styles \" data-block-type=\"unstyled\" data-block-weight=\"42\" data-block-id=\"7\">\n<p class=\"content-text__container \" data-track-category=\"Link no Texto\" data-track-links=\"\">A Secretaria da Administra\u00e7\u00e3o do Estado (Saeb) ficar\u00e1 respons\u00e1vel pelas medidas necess\u00e1rias para o cumprimento dos expedientes por compensa\u00e7\u00e3o. A libera\u00e7\u00e3o nos dias dos jogos n\u00e3o se aplica \u00e0s atividades desenvolvidas em servi\u00e7os p\u00fablicos essenciais, em que a presta\u00e7\u00e3o n\u00e3o admita interrup\u00e7\u00e3o.<\/p>\n<\/div>\n<\/div>\n<div id=\"chunk-5de4u\">\n<div class=\"mc-column content-text active-extra-styles \" data-block-type=\"unstyled\" data-block-weight=\"12\" data-block-id=\"8\">\n<p class=\"content-text__container \" data-track-category=\"Link no Texto\" data-track-links=\"\"><strong>Veja as datas e hor\u00e1rios do jogos do Brasil na primeira fase:<\/strong><\/p>\n<\/div>\n<\/div>\n<div class=\"mc-column content-text active-extra-styles\" data-block-type=\"raw\" data-block-weight=\"24\" data-block-id=\"9\">\n<p class=\"content-text__container\">\n<ul class=\"content-unordered-list\">\n<li>Quinta-feira (24\/11) &#8211; Brasil x S\u00e9rvia &#8211; 16h<\/li>\n<li>Segunda-feira (28\/11) &#8211; Brasil x Su\u00ed\u00e7a &#8211; 13h<\/li>\n<li>Sexta-feira (02\/12) &#8211; Camar\u00f5es x Brasil &#8211; 16h<\/li>\n<\/ul>\n<p>&nbsp;<\/p>\n<\/div>\n<div id=\"chunk-ec2v6\">\n<div class=\"mc-column content-text active-extra-styles \" data-block-type=\"unstyled\" data-block-weight=\"8\" data-block-id=\"10\">\n<p class=\"content-text__container \" data-track-category=\"Link no Texto\" data-track-links=\"\"><em>Veja mais not\u00edcias do estado no<\/em><a href=\"https:\/\/g1.globo.com\/ba\/bahia\/ultimas-noticias\/\"><strong><em>\u00a0g1 Bahia<\/em><\/strong><\/a><em>.<\/em><\/p>\n<\/div>\n<\/div>\n<\/div>\n<\/div>\n<\/div>\n<\/div>\n","protected":false},"excerpt":{"rendered":"<p>&nbsp; &nbsp; O Governo da Bahia publicou um decreto, na edi\u00e7\u00e3o desta quarta-feira (9) do Di\u00e1rio Oficial do Estado (DOE), que prev\u00ea altera\u00e7\u00f5es no expediente nas reparti\u00e7\u00f5es p\u00fablicas estaduais durante a participa\u00e7\u00e3o da Sele\u00e7\u00e3o Brasileira de Futebol na Copa do Mundo 2022. De acordo com a medida, assinada pelo governador Rui Costa, nos dias em que os\u00a0jogos do Brasil se iniciarem \u00e0s 13h, o\u00a0expediente ser\u00e1 das 8h \u00e0s 12h. Nos dias em que\u00a0as partidas sejam iniciadas \u00e0s 16h, o\u00a0expediente ser\u00e1 das 8h \u00e0s 15h. &nbsp; Caso a sele\u00e7\u00e3o brasileira avance para as fases eliminat\u00f3rias, ser\u00e1 aplicada a mesma regra, com [&hellip;]<\/p>\n","protected":false},"author":2,"featured_media":134392,"comment_status":"closed","ping_status":"open","sticky":false,"template":"","format":"standard","meta":[],"categories":[8],"tags":[],"_links":{"self":[{"href":"https:\/\/www.barragrande24horas.com.br\/v1\/wp-json\/wp\/v2\/posts\/134391"}],"collection":[{"href":"https:\/\/www.barragrande24horas.com.br\/v1\/wp-json\/wp\/v2\/posts"}],"about":[{"href":"https:\/\/www.barragrande24horas.com.br\/v1\/wp-json\/wp\/v2\/types\/post"}],"author":[{"embeddable":true,"href":"https:\/\/www.barragrande24horas.com.br\/v1\/wp-json\/wp\/v2\/users\/2"}],"replies":[{"embeddable":true,"href":"https:\/\/www.barragrande24horas.com.br\/v1\/wp-json\/wp\/v2\/comments?post=134391"}],"version-history":[{"count":1,"href":"https:\/\/www.barragrande24horas.com.br\/v1\/wp-json\/wp\/v2\/posts\/134391\/revisions"}],"predecessor-version":[{"id":134393,"href":"https:\/\/www.barragrande24horas.com.br\/v1\/wp-json\/wp\/v2\/posts\/134391\/revisions\/134393"}],"wp:featuredmedia":[{"embeddable":true,"href":"https:\/\/www.barragrande24horas.com.br\/v1\/wp-json\/wp\/v2\/media\/134392"}],"wp:attachment":[{"href":"https:\/\/www.barragrande24horas.com.br\/v1\/wp-json\/wp\/v2\/media?parent=134391"}],"wp:term":[{"taxonomy":"category","embeddable":true,"href":"https:\/\/www.barragrande24horas.com.br\/v1\/wp-json\/wp\/v2\/categories?post=134391"},{"taxonomy":"post_tag","embeddable":true,"href":"https:\/\/www.barragrande24horas.com.br\/v1\/wp-json\/wp\/v2\/tags?post=134391"}],"curies":[{"name":"wp","href":"https:\/\/api.w.org\/{rel}","templated":true}]}}