{"id":134382,"date":"2022-11-04T14:39:05","date_gmt":"2022-11-04T17:39:05","guid":{"rendered":"https:\/\/www.barragrande24horas.com.br\/v1\/?p=134382"},"modified":"2022-11-04T14:39:05","modified_gmt":"2022-11-04T17:39:05","slug":"edson-gomes-adao-negro-e-rusty-zinn-sao-confirmados-no-festival-de-reggae-de-itacare","status":"publish","type":"post","link":"https:\/\/www.barragrande24horas.com.br\/v1\/2022\/11\/04\/edson-gomes-adao-negro-e-rusty-zinn-sao-confirmados-no-festival-de-reggae-de-itacare\/","title":{"rendered":"EDSON GOMES, AD\u00c3O NEGRO E RUSTY ZINN S\u00c3O CONFIRMADOS NO FESTIVAL DE REGGAE DE ITACAR\u00c9"},"content":{"rendered":"<p>Com nomes nacionais e internacionais, a organiza\u00e7\u00e3o do Festival de Reggae de Itacar\u00e9 fechou a grade de atra\u00e7\u00f5es do evento. Edson Gomes, Ad\u00e3o Negro, Tribo de Jah, Bia Ferreira e o americano Rusty Zinn s\u00e3o alguns dos nomes confirmados para a primeira edi\u00e7\u00e3o do Festival, que come\u00e7a no dia 12 e vai at\u00e9 14 de novembro.<\/p>\n<p><a href=\"https:\/\/www.barragrande24horas.com.br\/v1\/wp-content\/uploads\/2022\/11\/Festival-de-Reggae-de-Itacare.jpeg\" class=\"gallery_colorbox\"><img loading=\"lazy\" class=\"alignnone size-full wp-image-134383\" src=\"https:\/\/www.barragrande24horas.com.br\/v1\/wp-content\/uploads\/2022\/11\/Festival-de-Reggae-de-Itacare.jpeg\"  alt=\"\" width=\"750\" height=\"474\" srcset=\"https:\/\/www.barragrande24horas.com.br\/v1\/wp-content\/uploads\/2022\/11\/Festival-de-Reggae-de-Itacare.jpeg 750w, https:\/\/www.barragrande24horas.com.br\/v1\/wp-content\/uploads\/2022\/11\/Festival-de-Reggae-de-Itacare-300x190.jpeg 300w\" sizes=\"(max-width: 750px) 100vw, 750px\" \/><\/a><\/p>\n<p>Durante tr\u00eas dias, os amantes do reggae v\u00e3o tamb\u00e9m poder curtir atra\u00e7\u00f5es como Santu\u00e1ryo, Mussuta\u00edba, Dom de Jah, Bruta Ra\u00e7a e Rog\u00e9rio D\u2019Lucca. O Festival ter\u00e1 como cen\u00e1rio a orla de Itacar\u00e9.<\/p>\n<p>Segundo a organiza\u00e7\u00e3o, o evento busca promover, valorizar, preservar, proteger e divulgar o patrim\u00f4nio cultural e imaterial de Itacar\u00e9 para as gera\u00e7\u00f5es futuras, al\u00e9m de ser fonte de gera\u00e7\u00e3o de renda para a comunidade.<\/p>\n<p>\u201cCom uma diversidade de atra\u00e7\u00f5es que fomentar\u00e1 a uni\u00e3o da comunidade de Itacar\u00e9, essa edi\u00e7\u00e3o vai valorizar o estilo, n\u00e3o apenas como ritmo musical, mas tamb\u00e9m como um dos principais \u00edcones de nossa cultura\u201d, explica a organiza\u00e7\u00e3o em apresenta\u00e7\u00e3o \u00e0 imprensa. \u201cPor reconhecer o reggae como um dos ritmos favoritos dos itacareenses e por transmitir mensagens de igualdade, o evento, sem d\u00favida, ter\u00e1 impacto positivo no turismo do munic\u00edpio\u201d.<\/p>\n<p>Do Blog Pimenta<\/p>\n<div class=\"addtoany_share_save_container addtoany_content addtoany_content_bottom\">\n<div class=\"a2a_kit a2a_kit_size_30 addtoany_list\" data-a2a-url=\"https:\/\/pimenta.blog.br\/2022\/11\/03\/edson-gomes-adao-negro-e-rusty-zinn-sao-confirmados-no-festival-de-reggae-de-itacare\/\" data-a2a-title=\"EDSON GOMES, AD\u00c3O NEGRO E RUSTY ZINN S\u00c3O CONFIRMADOS NO FESTIVAL DE REGGAE DE ITACAR\u00c9\"><\/div>\n<\/div>\n","protected":false},"excerpt":{"rendered":"<p>Com nomes nacionais e internacionais, a organiza\u00e7\u00e3o do Festival de Reggae de Itacar\u00e9 fechou a grade de atra\u00e7\u00f5es do evento. Edson Gomes, Ad\u00e3o Negro, Tribo de Jah, Bia Ferreira e o americano Rusty Zinn s\u00e3o alguns dos nomes confirmados para a primeira edi\u00e7\u00e3o do Festival, que come\u00e7a no dia 12 e vai at\u00e9 14 de novembro. Durante tr\u00eas dias, os amantes do reggae v\u00e3o tamb\u00e9m poder curtir atra\u00e7\u00f5es como Santu\u00e1ryo, Mussuta\u00edba, Dom de Jah, Bruta Ra\u00e7a e Rog\u00e9rio D\u2019Lucca. O Festival ter\u00e1 como cen\u00e1rio a orla de Itacar\u00e9. Segundo a organiza\u00e7\u00e3o, o evento busca promover, valorizar, preservar, proteger e divulgar [&hellip;]<\/p>\n","protected":false},"author":2,"featured_media":134383,"comment_status":"closed","ping_status":"open","sticky":false,"template":"","format":"standard","meta":[],"categories":[8],"tags":[],"_links":{"self":[{"href":"https:\/\/www.barragrande24horas.com.br\/v1\/wp-json\/wp\/v2\/posts\/134382"}],"collection":[{"href":"https:\/\/www.barragrande24horas.com.br\/v1\/wp-json\/wp\/v2\/posts"}],"about":[{"href":"https:\/\/www.barragrande24horas.com.br\/v1\/wp-json\/wp\/v2\/types\/post"}],"author":[{"embeddable":true,"href":"https:\/\/www.barragrande24horas.com.br\/v1\/wp-json\/wp\/v2\/users\/2"}],"replies":[{"embeddable":true,"href":"https:\/\/www.barragrande24horas.com.br\/v1\/wp-json\/wp\/v2\/comments?post=134382"}],"version-history":[{"count":1,"href":"https:\/\/www.barragrande24horas.com.br\/v1\/wp-json\/wp\/v2\/posts\/134382\/revisions"}],"predecessor-version":[{"id":134384,"href":"https:\/\/www.barragrande24horas.com.br\/v1\/wp-json\/wp\/v2\/posts\/134382\/revisions\/134384"}],"wp:featuredmedia":[{"embeddable":true,"href":"https:\/\/www.barragrande24horas.com.br\/v1\/wp-json\/wp\/v2\/media\/134383"}],"wp:attachment":[{"href":"https:\/\/www.barragrande24horas.com.br\/v1\/wp-json\/wp\/v2\/media?parent=134382"}],"wp:term":[{"taxonomy":"category","embeddable":true,"href":"https:\/\/www.barragrande24horas.com.br\/v1\/wp-json\/wp\/v2\/categories?post=134382"},{"taxonomy":"post_tag","embeddable":true,"href":"https:\/\/www.barragrande24horas.com.br\/v1\/wp-json\/wp\/v2\/tags?post=134382"}],"curies":[{"name":"wp","href":"https:\/\/api.w.org\/{rel}","templated":true}]}}