{"id":134378,"date":"2022-11-04T14:33:19","date_gmt":"2022-11-04T17:33:19","guid":{"rendered":"https:\/\/www.barragrande24horas.com.br\/v1\/?p=134378"},"modified":"2022-11-04T14:33:19","modified_gmt":"2022-11-04T17:33:19","slug":"iv-concurso-garota-peninsula-de-marau-acontece-neste-sabado-em-barra-grande","status":"publish","type":"post","link":"https:\/\/www.barragrande24horas.com.br\/v1\/2022\/11\/04\/iv-concurso-garota-peninsula-de-marau-acontece-neste-sabado-em-barra-grande\/","title":{"rendered":"IV CONCURSO GAROTA PEN\u00cdNSULA DE MARA\u00da ACONTECE NESTE S\u00c1BADO EM BARRA GRANDE"},"content":{"rendered":"<p>O concurso Garota Pen\u00ednsula de Mara\u00fa, o maior do baixo sul da Bahia e que antecede a abertura do ver\u00e3o em Barra Grande, est\u00e1 de volta depois de dois anos e confirmado para a noite de 05 de novembro. O Garota Pen\u00ednsula n\u00e3o foi realizado em 2020 e 2021, devido \u00e0 pandemia da covid-19. O evento \u00e9 uma organiza\u00e7\u00e3o do portal Barra Grande 24horas (Darlim), do diretor de eventos, Anderson Muniz e de Jamile Sena e conta com patroc\u00ednio da Prefeitura De Mara\u00fa e apoio da C\u00e2mara de Vereadores.<\/p>\n<p><a href=\"https:\/\/www.barragrande24horas.com.br\/v1\/wp-content\/uploads\/2022\/11\/WhatsApp-Image-2022-11-03-at-21.45.25-1.jpeg\" class=\"gallery_colorbox\"><img loading=\"lazy\" class=\" wp-image-134380 aligncenter\" src=\"https:\/\/www.barragrande24horas.com.br\/v1\/wp-content\/uploads\/2022\/11\/WhatsApp-Image-2022-11-03-at-21.45.25-1-1024x768.jpeg\"  alt=\"\" width=\"587\" height=\"440\" srcset=\"https:\/\/www.barragrande24horas.com.br\/v1\/wp-content\/uploads\/2022\/11\/WhatsApp-Image-2022-11-03-at-21.45.25-1-1024x768.jpeg 1024w, https:\/\/www.barragrande24horas.com.br\/v1\/wp-content\/uploads\/2022\/11\/WhatsApp-Image-2022-11-03-at-21.45.25-1-300x225.jpeg 300w, https:\/\/www.barragrande24horas.com.br\/v1\/wp-content\/uploads\/2022\/11\/WhatsApp-Image-2022-11-03-at-21.45.25-1-768x576.jpeg 768w, https:\/\/www.barragrande24horas.com.br\/v1\/wp-content\/uploads\/2022\/11\/WhatsApp-Image-2022-11-03-at-21.45.25-1-1536x1152.jpeg 1536w, https:\/\/www.barragrande24horas.com.br\/v1\/wp-content\/uploads\/2022\/11\/WhatsApp-Image-2022-11-03-at-21.45.25-1-180x135.jpeg 180w, https:\/\/www.barragrande24horas.com.br\/v1\/wp-content\/uploads\/2022\/11\/WhatsApp-Image-2022-11-03-at-21.45.25-1-400x300.jpeg 400w, https:\/\/www.barragrande24horas.com.br\/v1\/wp-content\/uploads\/2022\/11\/WhatsApp-Image-2022-11-03-at-21.45.25-1-600x450.jpeg 600w, https:\/\/www.barragrande24horas.com.br\/v1\/wp-content\/uploads\/2022\/11\/WhatsApp-Image-2022-11-03-at-21.45.25-1-800x600.jpeg 800w, https:\/\/www.barragrande24horas.com.br\/v1\/wp-content\/uploads\/2022\/11\/WhatsApp-Image-2022-11-03-at-21.45.25-1-1200x900.jpeg 1200w, https:\/\/www.barragrande24horas.com.br\/v1\/wp-content\/uploads\/2022\/11\/WhatsApp-Image-2022-11-03-at-21.45.25-1.jpeg 1600w\" sizes=\"(max-width: 587px) 100vw, 587px\" \/><\/a><\/p>\n<p>Em 2019, o evento foi sucesso de p\u00fablico levando uma multid\u00e3o para o centro de Barra Grande. Ap\u00f3s o evento, a cantora Priscila Mendes agita o p\u00fablico presente na pra\u00e7a. Para saber mais sobre o evento acesse o portal <a href=\"https:\/\/www.barragrande24horas.com.br\/v1\/?s=garota+pen%C3%ADnsula+de+mara%C3%BA\" target=\"_blank\" rel=\"noopener\">Barra Grande 24 horas<\/a>\u00a0ou siga no Instagram\u00a0<a href=\"https:\/\/www.instagram.com\/p\/Ckbs-T2geaR\/?igshid=YmMyMTA2M2Y=\" target=\"_blank\" rel=\"noopener\">@garotapeninsulademarau<\/a><\/p>\n<p>&nbsp;<\/p>\n<div class=\"88acb3779848fcb4cb71c6fe7e54707a\" data-index=\"2\"><\/div>\n","protected":false},"excerpt":{"rendered":"<p>O concurso Garota Pen\u00ednsula de Mara\u00fa, o maior do baixo sul da Bahia e que antecede a abertura do ver\u00e3o em Barra Grande, est\u00e1 de volta depois de dois anos e confirmado para a noite de 05 de novembro. O Garota Pen\u00ednsula n\u00e3o foi realizado em 2020 e 2021, devido \u00e0 pandemia da covid-19. O evento \u00e9 uma organiza\u00e7\u00e3o do portal Barra Grande 24horas (Darlim), do diretor de eventos, Anderson Muniz e de Jamile Sena e conta com patroc\u00ednio da Prefeitura De Mara\u00fa e apoio da C\u00e2mara de Vereadores. Em 2019, o evento foi sucesso de p\u00fablico levando uma multid\u00e3o [&hellip;]<\/p>\n","protected":false},"author":2,"featured_media":134379,"comment_status":"closed","ping_status":"open","sticky":false,"template":"","format":"standard","meta":[],"categories":[26],"tags":[],"_links":{"self":[{"href":"https:\/\/www.barragrande24horas.com.br\/v1\/wp-json\/wp\/v2\/posts\/134378"}],"collection":[{"href":"https:\/\/www.barragrande24horas.com.br\/v1\/wp-json\/wp\/v2\/posts"}],"about":[{"href":"https:\/\/www.barragrande24horas.com.br\/v1\/wp-json\/wp\/v2\/types\/post"}],"author":[{"embeddable":true,"href":"https:\/\/www.barragrande24horas.com.br\/v1\/wp-json\/wp\/v2\/users\/2"}],"replies":[{"embeddable":true,"href":"https:\/\/www.barragrande24horas.com.br\/v1\/wp-json\/wp\/v2\/comments?post=134378"}],"version-history":[{"count":1,"href":"https:\/\/www.barragrande24horas.com.br\/v1\/wp-json\/wp\/v2\/posts\/134378\/revisions"}],"predecessor-version":[{"id":134381,"href":"https:\/\/www.barragrande24horas.com.br\/v1\/wp-json\/wp\/v2\/posts\/134378\/revisions\/134381"}],"wp:featuredmedia":[{"embeddable":true,"href":"https:\/\/www.barragrande24horas.com.br\/v1\/wp-json\/wp\/v2\/media\/134379"}],"wp:attachment":[{"href":"https:\/\/www.barragrande24horas.com.br\/v1\/wp-json\/wp\/v2\/media?parent=134378"}],"wp:term":[{"taxonomy":"category","embeddable":true,"href":"https:\/\/www.barragrande24horas.com.br\/v1\/wp-json\/wp\/v2\/categories?post=134378"},{"taxonomy":"post_tag","embeddable":true,"href":"https:\/\/www.barragrande24horas.com.br\/v1\/wp-json\/wp\/v2\/tags?post=134378"}],"curies":[{"name":"wp","href":"https:\/\/api.w.org\/{rel}","templated":true}]}}