{"id":131391,"date":"2021-12-21T12:31:57","date_gmt":"2021-12-21T15:31:57","guid":{"rendered":"https:\/\/www.barragrande24horas.com.br\/v1\/?p=131391"},"modified":"2021-12-21T12:31:57","modified_gmt":"2021-12-21T15:31:57","slug":"realizacao-do-carnatal-nao-refletiu-no-aumento-do-numero-de-casos-de-covid-no-rn-diz-governo","status":"publish","type":"post","link":"https:\/\/www.barragrande24horas.com.br\/v1\/2021\/12\/21\/realizacao-do-carnatal-nao-refletiu-no-aumento-do-numero-de-casos-de-covid-no-rn-diz-governo\/","title":{"rendered":"Realiza\u00e7\u00e3o do Carnatal n\u00e3o refletiu no aumento do n\u00famero de casos de Covid no RN, diz governo"},"content":{"rendered":"<p>O Carnatal deste ano, realizado entre os dias 9 e 12 de dezembro, n\u00e3o influenciou no n\u00famero de contaminados pela Covid-19 no Rio Grande do Norte.<\/p>\n<p>De acordo com o boletim epidemiol\u00f3gico di\u00e1rio da Secretaria de Sa\u00fade P\u00fablica do Rio Grande do Norte (Sesap), entre os dias 13 e 19 de dezembro, semana consecutiva ao evento, 26 novos casos de Covid-19 foram registrados. Um n\u00famero abaixo do que os \u00edndices na semana do pr\u00f3prio Carnatal apresentavam, quando 441 casos foram notificados pela pasta.<\/p>\n<p>Dentre as medidas tomadas pela organiza\u00e7\u00e3o do evento, a micareta restringiu o acesso dos foli\u00f5es ao evento somente apresentando o cart\u00e3o vacinal completo com as duas doses ou dose \u00fanica.<\/p>\n<p>A organiza\u00e7\u00e3o do evento tamb\u00e9m n\u00e3o refletiu na taxa de ocupa\u00e7\u00e3o de leitos cr\u00edticos. Ap\u00f3s o Carnatal, n\u00e3o houve um aumento percentual. Para se ter um comparativo, entre os dias 9 e 12 de dezembro a taxa tinha uma m\u00e9dia de 30,38% de ocupa\u00e7\u00e3o. Agora, dez dias ap\u00f3s o in\u00edcio do evento, o percentual de ocupa\u00e7\u00e3o dos leitos \u00e9 de 29,3%.<\/p>\n<p>Atualmente, o Rio Grande do Norte possui 111 leitos dispon\u00edveis e 46 leitos ocupados por internados com Covid-19. As informa\u00e7\u00f5es s\u00e3o do Novo Not\u00edcias.<\/p>\n","protected":false},"excerpt":{"rendered":"<p>O Carnatal deste ano, realizado entre os dias 9 e 12 de dezembro, n\u00e3o influenciou no n\u00famero de contaminados pela Covid-19 no Rio Grande do Norte. De acordo com o boletim epidemiol\u00f3gico di\u00e1rio da Secretaria de Sa\u00fade P\u00fablica do Rio Grande do Norte (Sesap), entre os dias 13 e 19 de dezembro, semana consecutiva ao evento, 26 novos casos de Covid-19 foram registrados. Um n\u00famero abaixo do que os \u00edndices na semana do pr\u00f3prio Carnatal apresentavam, quando 441 casos foram notificados pela pasta. Dentre as medidas tomadas pela organiza\u00e7\u00e3o do evento, a micareta restringiu o acesso dos foli\u00f5es ao evento [&hellip;]<\/p>\n","protected":false},"author":2,"featured_media":131393,"comment_status":"closed","ping_status":"open","sticky":false,"template":"","format":"standard","meta":[],"categories":[1],"tags":[],"_links":{"self":[{"href":"https:\/\/www.barragrande24horas.com.br\/v1\/wp-json\/wp\/v2\/posts\/131391"}],"collection":[{"href":"https:\/\/www.barragrande24horas.com.br\/v1\/wp-json\/wp\/v2\/posts"}],"about":[{"href":"https:\/\/www.barragrande24horas.com.br\/v1\/wp-json\/wp\/v2\/types\/post"}],"author":[{"embeddable":true,"href":"https:\/\/www.barragrande24horas.com.br\/v1\/wp-json\/wp\/v2\/users\/2"}],"replies":[{"embeddable":true,"href":"https:\/\/www.barragrande24horas.com.br\/v1\/wp-json\/wp\/v2\/comments?post=131391"}],"version-history":[{"count":3,"href":"https:\/\/www.barragrande24horas.com.br\/v1\/wp-json\/wp\/v2\/posts\/131391\/revisions"}],"predecessor-version":[{"id":131395,"href":"https:\/\/www.barragrande24horas.com.br\/v1\/wp-json\/wp\/v2\/posts\/131391\/revisions\/131395"}],"wp:featuredmedia":[{"embeddable":true,"href":"https:\/\/www.barragrande24horas.com.br\/v1\/wp-json\/wp\/v2\/media\/131393"}],"wp:attachment":[{"href":"https:\/\/www.barragrande24horas.com.br\/v1\/wp-json\/wp\/v2\/media?parent=131391"}],"wp:term":[{"taxonomy":"category","embeddable":true,"href":"https:\/\/www.barragrande24horas.com.br\/v1\/wp-json\/wp\/v2\/categories?post=131391"},{"taxonomy":"post_tag","embeddable":true,"href":"https:\/\/www.barragrande24horas.com.br\/v1\/wp-json\/wp\/v2\/tags?post=131391"}],"curies":[{"name":"wp","href":"https:\/\/api.w.org\/{rel}","templated":true}]}}