{"id":130738,"date":"2021-10-28T11:51:19","date_gmt":"2021-10-28T14:51:19","guid":{"rendered":"http:\/\/www.barragrande24horas.com.br\/v1\/?p=130738"},"modified":"2021-10-28T11:51:19","modified_gmt":"2021-10-28T14:51:19","slug":"setor-de-eventos-pede-rapidzez-na-definicao-do-carnaval-de-salvador","status":"publish","type":"post","link":"https:\/\/www.barragrande24horas.com.br\/v1\/2021\/10\/28\/setor-de-eventos-pede-rapidzez-na-definicao-do-carnaval-de-salvador\/","title":{"rendered":"SETOR DE EVENTOS PEDE RAPIDZEZ NA DEFINI\u00c7\u00c3O DO CARNAVAL DE SALVADOR"},"content":{"rendered":"<p><a href=\"http:\/\/www.barragrande24horas.com.br\/v1\/wp-content\/uploads\/2021\/09\/csm_carnaval_manu_dias_secom_7d685a156a.jpg\" class=\"gallery_colorbox\"><img loading=\"lazy\" class=\" wp-image-130013 aligncenter\" src=\"http:\/\/www.barragrande24horas.com.br\/v1\/wp-content\/uploads\/2021\/09\/csm_carnaval_manu_dias_secom_7d685a156a.jpg\"  alt=\"\" width=\"584\" height=\"327\" srcset=\"https:\/\/www.barragrande24horas.com.br\/v1\/wp-content\/uploads\/2021\/09\/csm_carnaval_manu_dias_secom_7d685a156a.jpg 940w, https:\/\/www.barragrande24horas.com.br\/v1\/wp-content\/uploads\/2021\/09\/csm_carnaval_manu_dias_secom_7d685a156a-536x300.jpg 536w, https:\/\/www.barragrande24horas.com.br\/v1\/wp-content\/uploads\/2021\/09\/csm_carnaval_manu_dias_secom_7d685a156a-768x430.jpg 768w\" sizes=\"(max-width: 584px) 100vw, 584px\" \/><\/a><\/p>\n<p>Por meio de uma carta aberta, as associa\u00e7\u00f5es representativas ligadas ao setor de entretenimento, em especial do Carnaval, pediram celeridade na defini\u00e7\u00e3o da festa para 2022 ao governo do estado e a Prefeitura de Salvador.\u00a0No documento, assinado por mais de 20 associa\u00e7\u00f5es, entre elas o Conselho do Carnaval (Comcar), \u00e9 solicitado que seja criada uma \u201cAgenda Positiva Unificada para Recupera\u00e7\u00e3o do Setor\u201d, para reerguer o setor, que parou por 18 meses durante a pandemia.<\/p>\n<p>&#8220;Estamos no final do segundo semestre e no Brasil, diversas cidades j\u00e1 confirmaram o interesse na realiza\u00e7\u00e3o do Carnaval. Em Salvador, ber\u00e7o cultural da festa, os segmentos envolvidos com o evento precisam se organizar e planejar os trabalhos. Estamos com um tempo curto, mas acreditamos na compet\u00eancia dos diversos atores envolvidos, na festa que \u00e9 o grande ativo do Estado na atra\u00e7\u00e3o de turismo, emprego e renda&#8221;.<\/p>\n<p>O \u00faltimo pronunciamento do prefeito Bruno Reis (DEM) sobre a festa foi feito na ter\u00e7a-feira (26), na qual ele informou que at\u00e9 o final do m\u00eas de novembro teria uma resposta sobre a realiza\u00e7\u00e3o tanto do R\u00e9veillon quanto do Carnaval<\/p>\n","protected":false},"excerpt":{"rendered":"<p>Por meio de uma carta aberta, as associa\u00e7\u00f5es representativas ligadas ao setor de entretenimento, em especial do Carnaval, pediram celeridade na defini\u00e7\u00e3o da festa para 2022 ao governo do estado e a Prefeitura de Salvador.\u00a0No documento, assinado por mais de 20 associa\u00e7\u00f5es, entre elas o Conselho do Carnaval (Comcar), \u00e9 solicitado que seja criada uma \u201cAgenda Positiva Unificada para Recupera\u00e7\u00e3o do Setor\u201d, para reerguer o setor, que parou por 18 meses durante a pandemia. &#8220;Estamos no final do segundo semestre e no Brasil, diversas cidades j\u00e1 confirmaram o interesse na realiza\u00e7\u00e3o do Carnaval. Em Salvador, ber\u00e7o cultural da festa, os [&hellip;]<\/p>\n","protected":false},"author":2,"featured_media":130013,"comment_status":"open","ping_status":"closed","sticky":false,"template":"","format":"standard","meta":[],"categories":[8],"tags":[],"_links":{"self":[{"href":"https:\/\/www.barragrande24horas.com.br\/v1\/wp-json\/wp\/v2\/posts\/130738"}],"collection":[{"href":"https:\/\/www.barragrande24horas.com.br\/v1\/wp-json\/wp\/v2\/posts"}],"about":[{"href":"https:\/\/www.barragrande24horas.com.br\/v1\/wp-json\/wp\/v2\/types\/post"}],"author":[{"embeddable":true,"href":"https:\/\/www.barragrande24horas.com.br\/v1\/wp-json\/wp\/v2\/users\/2"}],"replies":[{"embeddable":true,"href":"https:\/\/www.barragrande24horas.com.br\/v1\/wp-json\/wp\/v2\/comments?post=130738"}],"version-history":[{"count":1,"href":"https:\/\/www.barragrande24horas.com.br\/v1\/wp-json\/wp\/v2\/posts\/130738\/revisions"}],"predecessor-version":[{"id":130739,"href":"https:\/\/www.barragrande24horas.com.br\/v1\/wp-json\/wp\/v2\/posts\/130738\/revisions\/130739"}],"wp:featuredmedia":[{"embeddable":true,"href":"https:\/\/www.barragrande24horas.com.br\/v1\/wp-json\/wp\/v2\/media\/130013"}],"wp:attachment":[{"href":"https:\/\/www.barragrande24horas.com.br\/v1\/wp-json\/wp\/v2\/media?parent=130738"}],"wp:term":[{"taxonomy":"category","embeddable":true,"href":"https:\/\/www.barragrande24horas.com.br\/v1\/wp-json\/wp\/v2\/categories?post=130738"},{"taxonomy":"post_tag","embeddable":true,"href":"https:\/\/www.barragrande24horas.com.br\/v1\/wp-json\/wp\/v2\/tags?post=130738"}],"curies":[{"name":"wp","href":"https:\/\/api.w.org\/{rel}","templated":true}]}}