{"id":130210,"date":"2021-09-25T16:00:26","date_gmt":"2021-09-25T19:00:26","guid":{"rendered":"http:\/\/www.barragrande24horas.com.br\/v1\/?p=130210"},"modified":"2021-09-25T16:03:27","modified_gmt":"2021-09-25T19:03:27","slug":"marau-comeca-vacinacao-da-covid-19-em-estudantes-de-12-a-17-do-cetep-dias-27-e-28","status":"publish","type":"post","link":"https:\/\/www.barragrande24horas.com.br\/v1\/2021\/09\/25\/marau-comeca-vacinacao-da-covid-19-em-estudantes-de-12-a-17-do-cetep-dias-27-e-28\/","title":{"rendered":"MARA\u00da COME\u00c7A VACINA\u00c7\u00c3O DA COVID-19 EM ESTUDANTES DE 12 A 17 DO CETEP DIAS 27 E 28"},"content":{"rendered":"<p><a href=\"http:\/\/www.barragrande24horas.com.br\/v1\/wp-content\/uploads\/2021\/09\/WhatsApp-Image-2021-09-25-at-13.52.59.jpeg\" class=\"gallery_colorbox\"><img loading=\"lazy\" class=\" wp-image-130207 aligncenter\" src=\"http:\/\/www.barragrande24horas.com.br\/v1\/wp-content\/uploads\/2021\/09\/WhatsApp-Image-2021-09-25-at-13.52.59-819x1024.jpeg\"  alt=\"\" width=\"585\" height=\"731\" srcset=\"https:\/\/www.barragrande24horas.com.br\/v1\/wp-content\/uploads\/2021\/09\/WhatsApp-Image-2021-09-25-at-13.52.59-819x1024.jpeg 819w, https:\/\/www.barragrande24horas.com.br\/v1\/wp-content\/uploads\/2021\/09\/WhatsApp-Image-2021-09-25-at-13.52.59-240x300.jpeg 240w, https:\/\/www.barragrande24horas.com.br\/v1\/wp-content\/uploads\/2021\/09\/WhatsApp-Image-2021-09-25-at-13.52.59-768x960.jpeg 768w, https:\/\/www.barragrande24horas.com.br\/v1\/wp-content\/uploads\/2021\/09\/WhatsApp-Image-2021-09-25-at-13.52.59.jpeg 1080w\" sizes=\"(max-width: 585px) 100vw, 585px\" \/><\/a><\/p>\n<p style=\"text-align: justify;\">\n<p>A Prefeitura de Mara\u00fa, atrav\u00e9s da Secretaria de Sa\u00fade, vai iniciar na pr\u00f3xima segunda-feira (27) a aplica\u00e7\u00e3o da vacina contra a Covid-19 para estudantes entre 12 e 17 anos sem comorbidade. A aplica\u00e7\u00e3o da primeira dose para os alunos do col\u00e9gio ocorrer\u00e1 na segunda e ter\u00e7a-feira, 28, no CETEP &#8211; centro territorial de educa\u00e7\u00e3o profissional do litoral sul &#8211; comuniade quilombola. A vacina\u00e7\u00e3o acontece durante a manh\u00e3 e tarde.<\/p>\n<p><strong>Prefeitura Municipal De Mara\u00fa<\/strong><br \/>\nGOVERNO \u2013 O PROGRESSO CONTINUA<\/p>\n","protected":false},"excerpt":{"rendered":"<p>A Prefeitura de Mara\u00fa, atrav\u00e9s da Secretaria de Sa\u00fade, vai iniciar na pr\u00f3xima segunda-feira (27) a aplica\u00e7\u00e3o da vacina contra a Covid-19 para estudantes entre 12 e 17 anos sem comorbidade. A aplica\u00e7\u00e3o da primeira dose para os alunos do col\u00e9gio ocorrer\u00e1 na segunda e ter\u00e7a-feira, 28, no CETEP &#8211; centro territorial de educa\u00e7\u00e3o profissional do litoral sul &#8211; comuniade quilombola. A vacina\u00e7\u00e3o acontece durante a manh\u00e3 e tarde. Prefeitura Municipal De Mara\u00fa GOVERNO \u2013 O PROGRESSO CONTINUA<\/p>\n","protected":false},"author":2,"featured_media":130207,"comment_status":"open","ping_status":"closed","sticky":false,"template":"","format":"standard","meta":[],"categories":[27],"tags":[4091],"_links":{"self":[{"href":"https:\/\/www.barragrande24horas.com.br\/v1\/wp-json\/wp\/v2\/posts\/130210"}],"collection":[{"href":"https:\/\/www.barragrande24horas.com.br\/v1\/wp-json\/wp\/v2\/posts"}],"about":[{"href":"https:\/\/www.barragrande24horas.com.br\/v1\/wp-json\/wp\/v2\/types\/post"}],"author":[{"embeddable":true,"href":"https:\/\/www.barragrande24horas.com.br\/v1\/wp-json\/wp\/v2\/users\/2"}],"replies":[{"embeddable":true,"href":"https:\/\/www.barragrande24horas.com.br\/v1\/wp-json\/wp\/v2\/comments?post=130210"}],"version-history":[{"count":3,"href":"https:\/\/www.barragrande24horas.com.br\/v1\/wp-json\/wp\/v2\/posts\/130210\/revisions"}],"predecessor-version":[{"id":130213,"href":"https:\/\/www.barragrande24horas.com.br\/v1\/wp-json\/wp\/v2\/posts\/130210\/revisions\/130213"}],"wp:featuredmedia":[{"embeddable":true,"href":"https:\/\/www.barragrande24horas.com.br\/v1\/wp-json\/wp\/v2\/media\/130207"}],"wp:attachment":[{"href":"https:\/\/www.barragrande24horas.com.br\/v1\/wp-json\/wp\/v2\/media?parent=130210"}],"wp:term":[{"taxonomy":"category","embeddable":true,"href":"https:\/\/www.barragrande24horas.com.br\/v1\/wp-json\/wp\/v2\/categories?post=130210"},{"taxonomy":"post_tag","embeddable":true,"href":"https:\/\/www.barragrande24horas.com.br\/v1\/wp-json\/wp\/v2\/tags?post=130210"}],"curies":[{"name":"wp","href":"https:\/\/api.w.org\/{rel}","templated":true}]}}