{"id":130198,"date":"2021-09-25T14:22:05","date_gmt":"2021-09-25T17:22:05","guid":{"rendered":"http:\/\/www.barragrande24horas.com.br\/v1\/?p=130198"},"modified":"2021-09-25T14:22:05","modified_gmt":"2021-09-25T17:22:05","slug":"em-tremembe-secretarios-da-prefeitura-de-marau-participam-do-forum-estadual-de-educacao-quilombola","status":"publish","type":"post","link":"https:\/\/www.barragrande24horas.com.br\/v1\/2021\/09\/25\/em-tremembe-secretarios-da-prefeitura-de-marau-participam-do-forum-estadual-de-educacao-quilombola\/","title":{"rendered":"EM TREMEMB\u00c9, SECRET\u00c1RIOS DA PREFEITURA DE MARA\u00da PARTICIPAM DO F\u00d3RUM ESTADUAL DE EDUCA\u00c7\u00c3O QUILOMBOLA"},"content":{"rendered":"<p><a href=\"http:\/\/www.barragrande24horas.com.br\/v1\/wp-content\/uploads\/2021\/09\/WhatsApp-Image-2021-09-25-at-14.15.17.jpeg\" class=\"gallery_colorbox\"><img loading=\"lazy\" class=\" wp-image-130200 aligncenter\" src=\"http:\/\/www.barragrande24horas.com.br\/v1\/wp-content\/uploads\/2021\/09\/WhatsApp-Image-2021-09-25-at-14.15.17-1024x768.jpeg\"  alt=\"\" width=\"586\" height=\"439\" srcset=\"https:\/\/www.barragrande24horas.com.br\/v1\/wp-content\/uploads\/2021\/09\/WhatsApp-Image-2021-09-25-at-14.15.17.jpeg 1024w, https:\/\/www.barragrande24horas.com.br\/v1\/wp-content\/uploads\/2021\/09\/WhatsApp-Image-2021-09-25-at-14.15.17-400x300.jpeg 400w, https:\/\/www.barragrande24horas.com.br\/v1\/wp-content\/uploads\/2021\/09\/WhatsApp-Image-2021-09-25-at-14.15.17-768x576.jpeg 768w\" sizes=\"(max-width: 586px) 100vw, 586px\" \/><\/a><\/p>\n<p style=\"text-align: justify;\">Secret\u00e1rios Municipais de Mara\u00fa, representando o prefeito Manass\u00e9s, participaram nesta quinta-feira, 23, no povoado de Trememb\u00e9, de uma reuni\u00e3o do F\u00f3rum Estadual de Educa\u00e7\u00e3o Quilombola e Lideran\u00e7as Sociais das localidades certificadas como \u00e1reas Quilombolas do munic\u00edpio de Mara\u00fa.<\/p>\n<p style=\"text-align: justify;\">Estavam presentes os Secret\u00e1rios de Agricultura, Valdemir Lisboa e Infraestrutura, Adson Nascimento, Secret\u00e1ria de Sa\u00fade, Juliana Lemos,\u00a0 Hozana Soledade, Secret\u00e1ria de Educa\u00e7\u00e3o e Adeilda Moura, Secret\u00e1ria de Desenvolvimento Social, o vereador Paulino al\u00e9m\u00a0 do Coordenador executivo do F\u00f3rum de Educa\u00e7\u00e3o Quilombola e o Sr. Jos\u00e9 Ramos, Presidentes de Associa\u00e7\u00f5es e Lideran\u00e7as.<\/p>\n<p><a href=\"http:\/\/www.barragrande24horas.com.br\/v1\/wp-content\/uploads\/2021\/09\/WhatsApp-Image-2021-09-25-at-14.15.17-1.jpeg\" class=\"gallery_colorbox\"><img loading=\"lazy\" class=\" wp-image-130199 aligncenter\" src=\"http:\/\/www.barragrande24horas.com.br\/v1\/wp-content\/uploads\/2021\/09\/WhatsApp-Image-2021-09-25-at-14.15.17-1-1024x768.jpeg\"  alt=\"\" width=\"586\" height=\"439\" srcset=\"https:\/\/www.barragrande24horas.com.br\/v1\/wp-content\/uploads\/2021\/09\/WhatsApp-Image-2021-09-25-at-14.15.17-1.jpeg 1024w, https:\/\/www.barragrande24horas.com.br\/v1\/wp-content\/uploads\/2021\/09\/WhatsApp-Image-2021-09-25-at-14.15.17-1-400x300.jpeg 400w, https:\/\/www.barragrande24horas.com.br\/v1\/wp-content\/uploads\/2021\/09\/WhatsApp-Image-2021-09-25-at-14.15.17-1-768x576.jpeg 768w\" sizes=\"(max-width: 586px) 100vw, 586px\" \/><\/a><\/p>\n<p style=\"text-align: justify;\">O F\u00f3rum \u00e9 uma inst\u00e2ncia do movimento social da sociedade civil organizada composto por membros dos Territ\u00f3rios de Identidade, e tem o objetivo de monitorar e avaliar as pol\u00edticas p\u00fablicas voltadas para \u00e0s comunidades quilombolas.<\/p>\n<p style=\"text-align: justify;\">Os Secret\u00e1rios ouviram as propostas, sugest\u00f5es, elogios e necessidades apresentadas pelas lideran\u00e7as das comunidades Quilombolas de Mara\u00fa e apresentaram o que j\u00e1 estava sendo realizado pela prefeitura Municipal atrav\u00e9s das secretarias presentes.<\/p>\n<p style=\"text-align: justify;\">O encontro foi muito produtivo e marcou o in\u00edcio de uma importante parceria que tem como finalidade o avan\u00e7o em v\u00e1rios assuntos sobre quest\u00f5es raciais, educacionais e culturais, no que diz respeito a garantia dos direitos dos quilombos marauenses.<\/p>\n<p><strong>Prefeitura Municipal De Mara\u00fa<\/strong><br \/>\nGOVERNO &#8211; O PROGRESSO CONTINUA<\/p>\n","protected":false},"excerpt":{"rendered":"<p>Secret\u00e1rios Municipais de Mara\u00fa, representando o prefeito Manass\u00e9s, participaram nesta quinta-feira, 23, no povoado de Trememb\u00e9, de uma reuni\u00e3o do F\u00f3rum Estadual de Educa\u00e7\u00e3o Quilombola e Lideran\u00e7as Sociais das localidades certificadas como \u00e1reas Quilombolas do munic\u00edpio de Mara\u00fa. Estavam presentes os Secret\u00e1rios de Agricultura, Valdemir Lisboa e Infraestrutura, Adson Nascimento, Secret\u00e1ria de Sa\u00fade, Juliana Lemos,\u00a0 Hozana Soledade, Secret\u00e1ria de Educa\u00e7\u00e3o e Adeilda Moura, Secret\u00e1ria de Desenvolvimento Social, o vereador Paulino al\u00e9m\u00a0 do Coordenador executivo do F\u00f3rum de Educa\u00e7\u00e3o Quilombola e o Sr. Jos\u00e9 Ramos, Presidentes de Associa\u00e7\u00f5es e Lideran\u00e7as. O F\u00f3rum \u00e9 uma inst\u00e2ncia do movimento social da sociedade civil [&hellip;]<\/p>\n","protected":false},"author":2,"featured_media":130200,"comment_status":"open","ping_status":"closed","sticky":false,"template":"","format":"standard","meta":[],"categories":[27],"tags":[199,4089],"_links":{"self":[{"href":"https:\/\/www.barragrande24horas.com.br\/v1\/wp-json\/wp\/v2\/posts\/130198"}],"collection":[{"href":"https:\/\/www.barragrande24horas.com.br\/v1\/wp-json\/wp\/v2\/posts"}],"about":[{"href":"https:\/\/www.barragrande24horas.com.br\/v1\/wp-json\/wp\/v2\/types\/post"}],"author":[{"embeddable":true,"href":"https:\/\/www.barragrande24horas.com.br\/v1\/wp-json\/wp\/v2\/users\/2"}],"replies":[{"embeddable":true,"href":"https:\/\/www.barragrande24horas.com.br\/v1\/wp-json\/wp\/v2\/comments?post=130198"}],"version-history":[{"count":1,"href":"https:\/\/www.barragrande24horas.com.br\/v1\/wp-json\/wp\/v2\/posts\/130198\/revisions"}],"predecessor-version":[{"id":130201,"href":"https:\/\/www.barragrande24horas.com.br\/v1\/wp-json\/wp\/v2\/posts\/130198\/revisions\/130201"}],"wp:featuredmedia":[{"embeddable":true,"href":"https:\/\/www.barragrande24horas.com.br\/v1\/wp-json\/wp\/v2\/media\/130200"}],"wp:attachment":[{"href":"https:\/\/www.barragrande24horas.com.br\/v1\/wp-json\/wp\/v2\/media?parent=130198"}],"wp:term":[{"taxonomy":"category","embeddable":true,"href":"https:\/\/www.barragrande24horas.com.br\/v1\/wp-json\/wp\/v2\/categories?post=130198"},{"taxonomy":"post_tag","embeddable":true,"href":"https:\/\/www.barragrande24horas.com.br\/v1\/wp-json\/wp\/v2\/tags?post=130198"}],"curies":[{"name":"wp","href":"https:\/\/api.w.org\/{rel}","templated":true}]}}