{"id":129105,"date":"2021-07-03T01:10:29","date_gmt":"2021-07-03T04:10:29","guid":{"rendered":"http:\/\/www.barragrande24horas.com.br\/v1\/?p=129105"},"modified":"2021-07-03T01:10:29","modified_gmt":"2021-07-03T04:10:29","slug":"prefeito-de-salvador-conversa-com-rui-costa-sobre-retomada-de-eventos-meu-dessjo-e-realiza-reveillon-e-carnaval","status":"publish","type":"post","link":"https:\/\/www.barragrande24horas.com.br\/v1\/2021\/07\/03\/prefeito-de-salvador-conversa-com-rui-costa-sobre-retomada-de-eventos-meu-dessjo-e-realiza-reveillon-e-carnaval\/","title":{"rendered":"PREFEITO DE SALVADOR CONVERSA COM RUI COSTA SOBRE RETOMADA DE EVENTOS: \u201cMEU DESSJO \u00c9 REALIZA R\u00c9VEILLON E CARNAVAL\u201d"},"content":{"rendered":"<p><a href=\"http:\/\/www.barragrande24horas.com.br\/v1\/wp-content\/uploads\/2021\/07\/58DDE030-89D7-4D3D-B006-21B9CFC16BE2.jpeg\" class=\"gallery_colorbox\"><img loading=\"lazy\" class=\"aligncenter wp-image-129106\" src=\"http:\/\/www.barragrande24horas.com.br\/v1\/wp-content\/uploads\/2021\/07\/58DDE030-89D7-4D3D-B006-21B9CFC16BE2.jpeg\"  alt=\"\" width=\"585\" height=\"345\" srcset=\"https:\/\/www.barragrande24horas.com.br\/v1\/wp-content\/uploads\/2021\/07\/58DDE030-89D7-4D3D-B006-21B9CFC16BE2.jpeg 721w, https:\/\/www.barragrande24horas.com.br\/v1\/wp-content\/uploads\/2021\/07\/58DDE030-89D7-4D3D-B006-21B9CFC16BE2-509x300.jpeg 509w\" sizes=\"(max-width: 585px) 100vw, 585px\" \/><\/a><br \/>\nO prefeito de Salvador, Bruno Reis (DEM), voltou a falar sobre a poss\u00edvel realiza\u00e7\u00e3o do R\u00e9veillon e do Carnaval 2022. Durante o ato simb\u00f3lico em homenagem \u00e0 Independ\u00eancia da Bahia, nesta sexta-feira (2), o gestor municipal disse que espera retornar com os eventos &#8220;o mais breve poss\u00edvel&#8221;, no entanto, salientou que isso s\u00f3 ser\u00e1 poss\u00edvel quando os n\u00fameros da pandemia permitirem.<\/p>\n<p>&#8220;O desejo do prefeito, \u00e9 a gente se organizar, estava conversando isso ontem com o governador, \u00e9 de realizar o Rev\u00e9illon e o Carnaval. A nossa cidade \u00e9 marcada por grandes eventos e s\u00e3o eles que promovem a cidade no Brasil e no mundo. Tendo condi\u00e7\u00f5es com todo o protocolo de seguran\u00e7a, a nossa expectativa \u00e9 poder, assim que os n\u00fameros permitam definir em conjunto [com o governador] como ser\u00e3o retomados os eventos, mas o mais breve poss\u00edvel&#8221;, disse.<\/p>\n<p>Na ocasi\u00e3o, o prefeito salientou ainda as dificuldades que o setor cultural enfrenta em meio \u00e0 pandemia. &#8220;O segmento cultural foi o \u00fanico que n\u00e3o voltou at\u00e9 o momento e compreendo as dificuldades que esse setor est\u00e1 passando nesse momento&#8221;, frisou.<\/p>\n<p>Na \u00faltima quarta-feira (28), Bruno Reis afirmou da\u00a0possibilidade da realizar um<a href=\"https:\/\/www.bnews.com.br\/noticias\/principal\/coronavirus\/312466,ilhas-de-salvador-podem-receber-evento-teste-apos-vacinacao-de-populacao-acima-de-18-anos.html\" target=\"_blank\" rel=\"noopener\">\u00a0evento teste em uma das tr\u00eas ilhas que pertencem \u00e0 capital baiana<\/a>: ilha de Mar\u00e9, dos Frades e Bom Jesus dos Passos. Nesses locais, toda a popula\u00e7\u00e3o acima de 18 anos come\u00e7ou a ser vacinada na quinta (1\u00ba).<\/p>\n<p>&#8220;Com a vacina\u00e7\u00e3o nas ilhas, n\u00f3s estamos conversando com a Fiocruz para, de repente, se houver esse interesse m\u00fatuo, a gente fazer um estudo em rela\u00e7\u00e3o ao evento. Depois do prazo de imuniza\u00e7\u00e3o que \u00e9 de 20 dias, no final de m\u00eas de julho, poder\u00edamos fazer um evento teste nas ilhas para ver a efic\u00e1cia [da vacina] junto com a Fiocruz, inclusive se a vacina\u00e7\u00e3o nos d\u00e1 a possibilidade de fazer outros eventos com seguran\u00e7a\u201d, disse Bruno.<\/p>\n<p>Informa\u00e7\u00f5es do BNews<\/p>\n","protected":false},"excerpt":{"rendered":"<p>O prefeito de Salvador, Bruno Reis (DEM), voltou a falar sobre a poss\u00edvel realiza\u00e7\u00e3o do R\u00e9veillon e do Carnaval 2022. Durante o ato simb\u00f3lico em homenagem \u00e0 Independ\u00eancia da Bahia, nesta sexta-feira (2), o gestor municipal disse que espera retornar com os eventos &#8220;o mais breve poss\u00edvel&#8221;, no entanto, salientou que isso s\u00f3 ser\u00e1 poss\u00edvel quando os n\u00fameros da pandemia permitirem. &#8220;O desejo do prefeito, \u00e9 a gente se organizar, estava conversando isso ontem com o governador, \u00e9 de realizar o Rev\u00e9illon e o Carnaval. A nossa cidade \u00e9 marcada por grandes eventos e s\u00e3o eles que promovem a cidade [&hellip;]<\/p>\n","protected":false},"author":2,"featured_media":129106,"comment_status":"open","ping_status":"closed","sticky":false,"template":"","format":"standard","meta":[],"categories":[8,23],"tags":[],"_links":{"self":[{"href":"https:\/\/www.barragrande24horas.com.br\/v1\/wp-json\/wp\/v2\/posts\/129105"}],"collection":[{"href":"https:\/\/www.barragrande24horas.com.br\/v1\/wp-json\/wp\/v2\/posts"}],"about":[{"href":"https:\/\/www.barragrande24horas.com.br\/v1\/wp-json\/wp\/v2\/types\/post"}],"author":[{"embeddable":true,"href":"https:\/\/www.barragrande24horas.com.br\/v1\/wp-json\/wp\/v2\/users\/2"}],"replies":[{"embeddable":true,"href":"https:\/\/www.barragrande24horas.com.br\/v1\/wp-json\/wp\/v2\/comments?post=129105"}],"version-history":[{"count":1,"href":"https:\/\/www.barragrande24horas.com.br\/v1\/wp-json\/wp\/v2\/posts\/129105\/revisions"}],"predecessor-version":[{"id":129107,"href":"https:\/\/www.barragrande24horas.com.br\/v1\/wp-json\/wp\/v2\/posts\/129105\/revisions\/129107"}],"wp:featuredmedia":[{"embeddable":true,"href":"https:\/\/www.barragrande24horas.com.br\/v1\/wp-json\/wp\/v2\/media\/129106"}],"wp:attachment":[{"href":"https:\/\/www.barragrande24horas.com.br\/v1\/wp-json\/wp\/v2\/media?parent=129105"}],"wp:term":[{"taxonomy":"category","embeddable":true,"href":"https:\/\/www.barragrande24horas.com.br\/v1\/wp-json\/wp\/v2\/categories?post=129105"},{"taxonomy":"post_tag","embeddable":true,"href":"https:\/\/www.barragrande24horas.com.br\/v1\/wp-json\/wp\/v2\/tags?post=129105"}],"curies":[{"name":"wp","href":"https:\/\/api.w.org\/{rel}","templated":true}]}}