{"id":127431,"date":"2021-02-27T17:39:51","date_gmt":"2021-02-27T20:39:51","guid":{"rendered":"http:\/\/www.barragrande24horas.com.br\/v1\/?p=127431"},"modified":"2021-02-27T17:39:51","modified_gmt":"2021-02-27T20:39:51","slug":"camacari-ex-presidente-lula-vai-morar-em-condominio-de-luxo","status":"publish","type":"post","link":"https:\/\/www.barragrande24horas.com.br\/v1\/2021\/02\/27\/camacari-ex-presidente-lula-vai-morar-em-condominio-de-luxo\/","title":{"rendered":"CAMA\u00c7ARI EX-PRESIDENTE LULA VAI MORAR EM CONDOM\u00cdNIO DE LUXO"},"content":{"rendered":"<p><img loading=\"lazy\" class=\"size-medium wp-image-127432 aligncenter\" src=\"http:\/\/www.barragrande24horas.com.br\/v1\/wp-content\/uploads\/2021\/02\/163033320097058-e1614456768912-533x300.jpg\" alt=\"\" width=\"533\" height=\"300\" srcset=\"https:\/\/www.barragrande24horas.com.br\/v1\/wp-content\/uploads\/2021\/02\/163033320097058-e1614456768912-533x300.jpg 533w, https:\/\/www.barragrande24horas.com.br\/v1\/wp-content\/uploads\/2021\/02\/163033320097058-e1614456768912.jpg 540w\" sizes=\"(max-width: 533px) 100vw, 533px\" \/><\/p>\n<p>O ex-presidente Lula (PT) definiu recentemente que vai realmente morar na Bahia. Foi apresentada a ele v\u00e1rias op\u00e7\u00f5es de moradias na capital do estado.Mas Lula definiu pelo condom\u00ednio Busca Vida, em Cama\u00e7ari, na Regi\u00e3o Metropolitana, onde mora v\u00e1rios empres\u00e1rios e pol\u00edticos. O fato de ser a beira mar pesou para a escolha de Lula. O site pol\u00edticos do Sul da Bahia apurou que um empres\u00e1rio teria alugado a sua mans\u00e3o para o ex-presidente.<\/p>\n","protected":false},"excerpt":{"rendered":"<p>O ex-presidente Lula (PT) definiu recentemente que vai realmente morar na Bahia. Foi apresentada a ele v\u00e1rias op\u00e7\u00f5es de moradias na capital do estado.Mas Lula definiu pelo condom\u00ednio Busca Vida, em Cama\u00e7ari, na Regi\u00e3o Metropolitana, onde mora v\u00e1rios empres\u00e1rios e pol\u00edticos. O fato de ser a beira mar pesou para a escolha de Lula. O site pol\u00edticos do Sul da Bahia apurou que um empres\u00e1rio teria alugado a sua mans\u00e3o para o ex-presidente.<\/p>\n","protected":false},"author":2,"featured_media":127432,"comment_status":"open","ping_status":"closed","sticky":false,"template":"","format":"standard","meta":[],"categories":[8],"tags":[3750],"_links":{"self":[{"href":"https:\/\/www.barragrande24horas.com.br\/v1\/wp-json\/wp\/v2\/posts\/127431"}],"collection":[{"href":"https:\/\/www.barragrande24horas.com.br\/v1\/wp-json\/wp\/v2\/posts"}],"about":[{"href":"https:\/\/www.barragrande24horas.com.br\/v1\/wp-json\/wp\/v2\/types\/post"}],"author":[{"embeddable":true,"href":"https:\/\/www.barragrande24horas.com.br\/v1\/wp-json\/wp\/v2\/users\/2"}],"replies":[{"embeddable":true,"href":"https:\/\/www.barragrande24horas.com.br\/v1\/wp-json\/wp\/v2\/comments?post=127431"}],"version-history":[{"count":1,"href":"https:\/\/www.barragrande24horas.com.br\/v1\/wp-json\/wp\/v2\/posts\/127431\/revisions"}],"predecessor-version":[{"id":127433,"href":"https:\/\/www.barragrande24horas.com.br\/v1\/wp-json\/wp\/v2\/posts\/127431\/revisions\/127433"}],"wp:featuredmedia":[{"embeddable":true,"href":"https:\/\/www.barragrande24horas.com.br\/v1\/wp-json\/wp\/v2\/media\/127432"}],"wp:attachment":[{"href":"https:\/\/www.barragrande24horas.com.br\/v1\/wp-json\/wp\/v2\/media?parent=127431"}],"wp:term":[{"taxonomy":"category","embeddable":true,"href":"https:\/\/www.barragrande24horas.com.br\/v1\/wp-json\/wp\/v2\/categories?post=127431"},{"taxonomy":"post_tag","embeddable":true,"href":"https:\/\/www.barragrande24horas.com.br\/v1\/wp-json\/wp\/v2\/tags?post=127431"}],"curies":[{"name":"wp","href":"https:\/\/api.w.org\/{rel}","templated":true}]}}