{"id":127422,"date":"2021-02-25T14:39:01","date_gmt":"2021-02-25T17:39:01","guid":{"rendered":"http:\/\/www.barragrande24horas.com.br\/v1\/?p=127422"},"modified":"2021-02-25T14:39:02","modified_gmt":"2021-02-25T17:39:02","slug":"com-covid-19-secretario-de-saude-da-bahia-volta-para-uti","status":"publish","type":"post","link":"https:\/\/www.barragrande24horas.com.br\/v1\/2021\/02\/25\/com-covid-19-secretario-de-saude-da-bahia-volta-para-uti\/","title":{"rendered":"Com Covid-19, secret\u00e1rio de Sa\u00fade da Bahia volta para UTI"},"content":{"rendered":"<div class=\"mc-column content-text active-extra-styles \" data-block-type=\"unstyled\" data-block-weight=\"53\" data-block-id=\"2\">\n<p data-track-category=\"Link no Texto\" data-track-links=\"\"><img loading=\"lazy\" class=\"size-medium wp-image-127423 aligncenter\" src=\"http:\/\/www.barragrande24horas.com.br\/v1\/wp-content\/uploads\/2021\/02\/fabio-vilas-boas-497x300.jpg\" alt=\"\" width=\"497\" height=\"300\" srcset=\"https:\/\/www.barragrande24horas.com.br\/v1\/wp-content\/uploads\/2021\/02\/fabio-vilas-boas-497x300.jpg 497w, https:\/\/www.barragrande24horas.com.br\/v1\/wp-content\/uploads\/2021\/02\/fabio-vilas-boas-768x464.jpg 768w, https:\/\/www.barragrande24horas.com.br\/v1\/wp-content\/uploads\/2021\/02\/fabio-vilas-boas.jpg 1000w\" sizes=\"(max-width: 497px) 100vw, 497px\" \/><\/p>\n<p class=\"content-text__container \" data-track-category=\"Link no Texto\" data-track-links=\"\">O secret\u00e1rio da Sa\u00fade da Bahia, F\u00e1bio Vilas-Boas,\u00a0<a href=\"https:\/\/g1.globo.com\/ba\/bahia\/noticia\/2021\/02\/19\/apos-testar-positivo-para-covid-19-secretario-de-saude-da-bahia-e-internado.ghtml\">que desde a \u00faltima sexta-feira (19) est\u00e1 internado com Covid-19<\/a>, voltou para a Unidade de Terapia Intensiva (UTI) do Hospital Alian\u00e7a, nesta quinta-feira (25). Na noite de segunda (22),\u00a0<a href=\"https:\/\/g1.globo.com\/ba\/bahia\/noticia\/2021\/02\/23\/covid-19-secretario-de-saude-da-ba-tem-piora-e-e-transferido-para-uti.ghtml\">ele j\u00e1 havia sido levado para a UTI<\/a>, mas\u00a0<a href=\"https:\/\/g1.globo.com\/ba\/bahia\/noticia\/2021\/02\/23\/com-covid-19-secretario-de-saude-da-bahia-deixa-uti-e-e-transferido-para-quarto.ghtml\">voltou para o quarto na ter\u00e7a<\/a>\u00a0(23).<\/p>\n<\/div>\n<div class=\"wall protected-content\">\n<div class=\"mc-column content-text active-extra-styles \" data-block-type=\"unstyled\" data-block-weight=\"24\" data-block-id=\"3\">\n<p class=\"content-text__container \" data-track-category=\"Link no Texto\" data-track-links=\"\">Atrav\u00e9s de nota, a Secretaria de Sa\u00fade do Estado da Bahia (Sesab) informou que Vilas-Boas segue est\u00e1vel, sem febre, com oxig\u00eanio em baixo fluxo. A Sesab destacou que a transfer\u00eancia do secret\u00e1rio para a UTI foi feita, com a finalidade proporcionar fisioterapia respirat\u00f3ria mais intensa. Ele permanece em uso de medicamentos e ainda n\u00e3o h\u00e1 previs\u00e3o de alta.<\/p>\n<div class=\"mc-column content-text active-extra-styles \" data-block-type=\"unstyled\" data-block-weight=\"13\" data-block-id=\"5\">\n<p class=\"content-text__container \" data-track-category=\"Link no Texto\" data-track-links=\"\">Ele est\u00e1 sendo assistido pelo pneumologista S\u00e9rgio Jezler e pelo infectologista Roberto Badar\u00f3. Vilas-Boas\u00a0<a href=\"https:\/\/g1.globo.com\/ba\/bahia\/noticia\/2021\/02\/16\/secretario-da-saude-da-bahia-fabio-vilas-boas-testa-positivo-para-a-covid-19.ghtml\">testou positivo para o coronav\u00edrus no dia 16<\/a>\u00a0e foi internado no dia 19. No dia 18, ele informou que fez uma tomografia de t\u00f3rax e que 25% dos pulm\u00f5es est\u00e3o sendo acometidos por m\u00faltiplas \u00e1reas de pneumonia.<\/p>\n<\/div>\n<div class=\"mc-column content-text active-extra-styles \" data-block-type=\"unstyled\" data-block-weight=\"8\" data-block-id=\"7\">\n<p class=\"content-text__container \" data-track-category=\"Link no Texto\" data-track-links=\"\"><em>Veja mais not\u00edcias do estado no\u00a0<\/em><a href=\"https:\/\/g1.globo.com\/ba\/bahia\/ultimas-noticias\/\"><strong><em>G1 Bahia<\/em><\/strong><\/a><em>.<\/em><\/p>\n<\/div>\n<\/div>\n<\/div>\n","protected":false},"excerpt":{"rendered":"<p>O secret\u00e1rio da Sa\u00fade da Bahia, F\u00e1bio Vilas-Boas,\u00a0que desde a \u00faltima sexta-feira (19) est\u00e1 internado com Covid-19, voltou para a Unidade de Terapia Intensiva (UTI) do Hospital Alian\u00e7a, nesta quinta-feira (25). Na noite de segunda (22),\u00a0ele j\u00e1 havia sido levado para a UTI, mas\u00a0voltou para o quarto na ter\u00e7a\u00a0(23). Atrav\u00e9s de nota, a Secretaria de Sa\u00fade do Estado da Bahia (Sesab) informou que Vilas-Boas segue est\u00e1vel, sem febre, com oxig\u00eanio em baixo fluxo. A Sesab destacou que a transfer\u00eancia do secret\u00e1rio para a UTI foi feita, com a finalidade proporcionar fisioterapia respirat\u00f3ria mais intensa. Ele permanece em uso de medicamentos [&hellip;]<\/p>\n","protected":false},"author":2,"featured_media":127423,"comment_status":"open","ping_status":"closed","sticky":false,"template":"","format":"standard","meta":[],"categories":[8],"tags":[3748,3749],"_links":{"self":[{"href":"https:\/\/www.barragrande24horas.com.br\/v1\/wp-json\/wp\/v2\/posts\/127422"}],"collection":[{"href":"https:\/\/www.barragrande24horas.com.br\/v1\/wp-json\/wp\/v2\/posts"}],"about":[{"href":"https:\/\/www.barragrande24horas.com.br\/v1\/wp-json\/wp\/v2\/types\/post"}],"author":[{"embeddable":true,"href":"https:\/\/www.barragrande24horas.com.br\/v1\/wp-json\/wp\/v2\/users\/2"}],"replies":[{"embeddable":true,"href":"https:\/\/www.barragrande24horas.com.br\/v1\/wp-json\/wp\/v2\/comments?post=127422"}],"version-history":[{"count":1,"href":"https:\/\/www.barragrande24horas.com.br\/v1\/wp-json\/wp\/v2\/posts\/127422\/revisions"}],"predecessor-version":[{"id":127424,"href":"https:\/\/www.barragrande24horas.com.br\/v1\/wp-json\/wp\/v2\/posts\/127422\/revisions\/127424"}],"wp:featuredmedia":[{"embeddable":true,"href":"https:\/\/www.barragrande24horas.com.br\/v1\/wp-json\/wp\/v2\/media\/127423"}],"wp:attachment":[{"href":"https:\/\/www.barragrande24horas.com.br\/v1\/wp-json\/wp\/v2\/media?parent=127422"}],"wp:term":[{"taxonomy":"category","embeddable":true,"href":"https:\/\/www.barragrande24horas.com.br\/v1\/wp-json\/wp\/v2\/categories?post=127422"},{"taxonomy":"post_tag","embeddable":true,"href":"https:\/\/www.barragrande24horas.com.br\/v1\/wp-json\/wp\/v2\/tags?post=127422"}],"curies":[{"name":"wp","href":"https:\/\/api.w.org\/{rel}","templated":true}]}}