{"id":127415,"date":"2021-02-25T13:16:13","date_gmt":"2021-02-25T16:16:13","guid":{"rendered":"http:\/\/www.barragrande24horas.com.br\/v1\/?p=127415"},"modified":"2021-02-25T13:16:13","modified_gmt":"2021-02-25T16:16:13","slug":"prefeito-manasses-participa-da-1a-sessao-legislativa-do-ano-na-camara-de-marau","status":"publish","type":"post","link":"https:\/\/www.barragrande24horas.com.br\/v1\/2021\/02\/25\/prefeito-manasses-participa-da-1a-sessao-legislativa-do-ano-na-camara-de-marau\/","title":{"rendered":"PREFEITO MANASS\u00c9S PARTICIPA DA\u00a01\u00aa SESS\u00c3O LEGISLATIVA DO ANO NA C\u00c2MARA DE MARA\u00da"},"content":{"rendered":"<div>\n<div id=\"attachment_127416\" style=\"width: 586px\" class=\"wp-caption aligncenter\"><img aria-describedby=\"caption-attachment-127416\" loading=\"lazy\" class=\"wp-image-127416 \" src=\"http:\/\/www.barragrande24horas.com.br\/v1\/wp-content\/uploads\/2021\/02\/WhatsApp-Image-2021-02-25-at-12.03.29.jpeg\" alt=\"\" width=\"576\" height=\"379\" srcset=\"https:\/\/www.barragrande24horas.com.br\/v1\/wp-content\/uploads\/2021\/02\/WhatsApp-Image-2021-02-25-at-12.03.29.jpeg 1242w, https:\/\/www.barragrande24horas.com.br\/v1\/wp-content\/uploads\/2021\/02\/WhatsApp-Image-2021-02-25-at-12.03.29-456x300.jpeg 456w, https:\/\/www.barragrande24horas.com.br\/v1\/wp-content\/uploads\/2021\/02\/WhatsApp-Image-2021-02-25-at-12.03.29-768x506.jpeg 768w, https:\/\/www.barragrande24horas.com.br\/v1\/wp-content\/uploads\/2021\/02\/WhatsApp-Image-2021-02-25-at-12.03.29-1024x674.jpeg 1024w\" sizes=\"(max-width: 576px) 100vw, 576px\" \/><p id=\"caption-attachment-127416\" class=\"wp-caption-text\">Prefeito Manass\u00e9s Souza, na sess\u00e3o da C\u00e2mara de Vereadores.<\/p><\/div>\n<\/div>\n<div><\/div>\n<div id=\"cke_pastebin\">O prefeito Manass\u00e9s Souza, participou na \u00faltima quarta-feira, 24, da primeira sess\u00e3o da Legislatura 2021-2024 da C\u00e2mara de vereadores.\u00a0 Na abertura da sess\u00e3o, o prefeito reafirmou o respeito que o Executivo ter\u00e1 com o poder Legislativo, deixando seu gabinete de portas abertas para di\u00e1logos com os vereadores.<\/div>\n<div><\/div>\n<div><img loading=\"lazy\" class=\"aligncenter wp-image-127417 \" src=\"http:\/\/www.barragrande24horas.com.br\/v1\/wp-content\/uploads\/2021\/02\/WhatsApp-Image-2021-02-25-at-12.03.30.jpeg\" alt=\"\" width=\"575\" height=\"430\" srcset=\"https:\/\/www.barragrande24horas.com.br\/v1\/wp-content\/uploads\/2021\/02\/WhatsApp-Image-2021-02-25-at-12.03.30.jpeg 1280w, https:\/\/www.barragrande24horas.com.br\/v1\/wp-content\/uploads\/2021\/02\/WhatsApp-Image-2021-02-25-at-12.03.30-401x300.jpeg 401w, https:\/\/www.barragrande24horas.com.br\/v1\/wp-content\/uploads\/2021\/02\/WhatsApp-Image-2021-02-25-at-12.03.30-768x575.jpeg 768w, https:\/\/www.barragrande24horas.com.br\/v1\/wp-content\/uploads\/2021\/02\/WhatsApp-Image-2021-02-25-at-12.03.30-1024x766.jpeg 1024w\" sizes=\"(max-width: 575px) 100vw, 575px\" \/><\/div>\n<div><\/div>\n<div id=\"cke_pastebin\">O enfrentamento da pandemia do novo coronav\u00edrus foi um dos principais temas de seu discurso, em que relatou o esfor\u00e7o que o Munic\u00edpio vem fazendo para garantir o atendimento aos infectados.\u00a0Manass\u00e9s fez um balan\u00e7o da situa\u00e7\u00e3o administrativa e informou que recebeu a Prefeitura com as contas em dia e com a d\u00edvida com fornecedores saldada. No discurso, o prefeito aproveitou para homenagear a ex-prefeita Gracinha pelos servi\u00e7os prestados ao munic\u00edpio e destacou os avan\u00e7os e conquistas de sua gest\u00e3o.<\/div>\n<div><\/div>\n<div><\/div>\n<div id=\"cke_pastebin\"><\/div>\n<div><\/div>\n","protected":false},"excerpt":{"rendered":"<p>O prefeito Manass\u00e9s Souza, participou na \u00faltima quarta-feira, 24, da primeira sess\u00e3o da Legislatura 2021-2024 da C\u00e2mara de vereadores.\u00a0 Na abertura da sess\u00e3o, o prefeito reafirmou o respeito que o Executivo ter\u00e1 com o poder Legislativo, deixando seu gabinete de portas abertas para di\u00e1logos com os vereadores. O enfrentamento da pandemia do novo coronav\u00edrus foi um dos principais temas de seu discurso, em que relatou o esfor\u00e7o que o Munic\u00edpio vem fazendo para garantir o atendimento aos infectados.\u00a0Manass\u00e9s fez um balan\u00e7o da situa\u00e7\u00e3o administrativa e informou que recebeu a Prefeitura com as contas em dia e com a d\u00edvida com [&hellip;]<\/p>\n","protected":false},"author":2,"featured_media":127416,"comment_status":"open","ping_status":"closed","sticky":false,"template":"","format":"standard","meta":[],"categories":[8,29],"tags":[3746],"_links":{"self":[{"href":"https:\/\/www.barragrande24horas.com.br\/v1\/wp-json\/wp\/v2\/posts\/127415"}],"collection":[{"href":"https:\/\/www.barragrande24horas.com.br\/v1\/wp-json\/wp\/v2\/posts"}],"about":[{"href":"https:\/\/www.barragrande24horas.com.br\/v1\/wp-json\/wp\/v2\/types\/post"}],"author":[{"embeddable":true,"href":"https:\/\/www.barragrande24horas.com.br\/v1\/wp-json\/wp\/v2\/users\/2"}],"replies":[{"embeddable":true,"href":"https:\/\/www.barragrande24horas.com.br\/v1\/wp-json\/wp\/v2\/comments?post=127415"}],"version-history":[{"count":2,"href":"https:\/\/www.barragrande24horas.com.br\/v1\/wp-json\/wp\/v2\/posts\/127415\/revisions"}],"predecessor-version":[{"id":127419,"href":"https:\/\/www.barragrande24horas.com.br\/v1\/wp-json\/wp\/v2\/posts\/127415\/revisions\/127419"}],"wp:featuredmedia":[{"embeddable":true,"href":"https:\/\/www.barragrande24horas.com.br\/v1\/wp-json\/wp\/v2\/media\/127416"}],"wp:attachment":[{"href":"https:\/\/www.barragrande24horas.com.br\/v1\/wp-json\/wp\/v2\/media?parent=127415"}],"wp:term":[{"taxonomy":"category","embeddable":true,"href":"https:\/\/www.barragrande24horas.com.br\/v1\/wp-json\/wp\/v2\/categories?post=127415"},{"taxonomy":"post_tag","embeddable":true,"href":"https:\/\/www.barragrande24horas.com.br\/v1\/wp-json\/wp\/v2\/tags?post=127415"}],"curies":[{"name":"wp","href":"https:\/\/api.w.org\/{rel}","templated":true}]}}