{"id":127302,"date":"2021-02-17T21:20:46","date_gmt":"2021-02-18T00:20:46","guid":{"rendered":"http:\/\/www.barragrande24horas.com.br\/v1\/?p=127302"},"modified":"2021-02-17T21:20:46","modified_gmt":"2021-02-18T00:20:46","slug":"marau-e-camamu-entre-os-municipios-que-terao-toque-de-recolher-a-partir-de-sexta","status":"publish","type":"post","link":"https:\/\/www.barragrande24horas.com.br\/v1\/2021\/02\/17\/marau-e-camamu-entre-os-municipios-que-terao-toque-de-recolher-a-partir-de-sexta\/","title":{"rendered":"MARA\u00da E CAMAMU ENTRE OS MUNIC\u00cdPIOS QUE TER\u00c3O TOQUE DE RECOLHER A PARTIR DE SEXTA"},"content":{"rendered":"<div id=\"title-post\">\n<div class=\"breadcrumb\"><\/div>\n<div id=\"post-info\">\n<div id=\"attachment_124845\" style=\"width: 590px\" class=\"wp-caption aligncenter\"><img aria-describedby=\"caption-attachment-124845\" loading=\"lazy\" class=\"wp-image-124845 \" src=\"http:\/\/www.barragrande24horas.com.br\/v1\/wp-content\/uploads\/2020\/07\/WhatsApp-Image-2020-07-18-at-16.22.23.jpeg\" alt=\"\" width=\"580\" height=\"435\" srcset=\"https:\/\/www.barragrande24horas.com.br\/v1\/wp-content\/uploads\/2020\/07\/WhatsApp-Image-2020-07-18-at-16.22.23.jpeg 1024w, https:\/\/www.barragrande24horas.com.br\/v1\/wp-content\/uploads\/2020\/07\/WhatsApp-Image-2020-07-18-at-16.22.23-400x300.jpeg 400w, https:\/\/www.barragrande24horas.com.br\/v1\/wp-content\/uploads\/2020\/07\/WhatsApp-Image-2020-07-18-at-16.22.23-768x576.jpeg 768w\" sizes=\"(max-width: 580px) 100vw, 580px\" \/><p id=\"caption-attachment-124845\" class=\"wp-caption-text\">Primeiro toque de recolher feito em Mara\u00fa foi em Julho de 2020.<\/p><\/div>\n<\/div>\n<div id=\"post-conteudo\">\n<p>Os munic\u00edpios de Camamu e Mara\u00fa, est\u00e3o na lista do toque de recolher anunciado na \u00faltima ter\u00e7a feira (16), pelo governador Rui Costa\u00a0 que ir\u00e1 restringir, por sete dias, a partir de sexta-feira (19), a circula\u00e7\u00e3o de pessoas nas ruas e o funcionamento de servi\u00e7os n\u00e3o essenciais ap\u00f3s as 22h em grande parte da Bahia, tem como objetivo conter as taxas de cont\u00e1gios do novo coronav\u00edrus e o n\u00famero de casos ativos no estado.<\/p>\n<p>A restri\u00e7\u00e3o compreender\u00e1 o per\u00edodo das 22h \u00e0s 5h, exceto nas regi\u00f5es oeste, de Irec\u00ea e de Jacobina, que apresentam os tr\u00eas menores \u00edndices de ocupa\u00e7\u00e3o de leitos de UTI para Covid-19. As pol\u00edcias Civil e Militar estar\u00e3o nas ruas para\u00a0<em>fiscalizar<\/em>\u00a0a determina\u00e7\u00e3o.<\/p>\n<div class=\"g\">\n<div class=\"tF2Cxc\" data-hveid=\"CBUQAA\" data-ved=\"2ahUKEwjP9PPpk_LuAhUoJrkGHYtQCcMQFSgAMAp6BAgVEAA\"><\/div>\n<\/div>\n<\/div>\n<\/div>\n<div id=\"post-info\"><\/div>\n","protected":false},"excerpt":{"rendered":"<p>Os munic\u00edpios de Camamu e Mara\u00fa, est\u00e3o na lista do toque de recolher anunciado na \u00faltima ter\u00e7a feira (16), pelo governador Rui Costa\u00a0 que ir\u00e1 restringir, por sete dias, a partir de sexta-feira (19), a circula\u00e7\u00e3o de pessoas nas ruas e o funcionamento de servi\u00e7os n\u00e3o essenciais ap\u00f3s as 22h em grande parte da Bahia, tem como objetivo conter as taxas de cont\u00e1gios do novo coronav\u00edrus e o n\u00famero de casos ativos no estado. A restri\u00e7\u00e3o compreender\u00e1 o per\u00edodo das 22h \u00e0s 5h, exceto nas regi\u00f5es oeste, de Irec\u00ea e de Jacobina, que apresentam os tr\u00eas menores \u00edndices de ocupa\u00e7\u00e3o [&hellip;]<\/p>\n","protected":false},"author":2,"featured_media":124597,"comment_status":"open","ping_status":"closed","sticky":false,"template":"","format":"standard","meta":[],"categories":[26],"tags":[3713],"_links":{"self":[{"href":"https:\/\/www.barragrande24horas.com.br\/v1\/wp-json\/wp\/v2\/posts\/127302"}],"collection":[{"href":"https:\/\/www.barragrande24horas.com.br\/v1\/wp-json\/wp\/v2\/posts"}],"about":[{"href":"https:\/\/www.barragrande24horas.com.br\/v1\/wp-json\/wp\/v2\/types\/post"}],"author":[{"embeddable":true,"href":"https:\/\/www.barragrande24horas.com.br\/v1\/wp-json\/wp\/v2\/users\/2"}],"replies":[{"embeddable":true,"href":"https:\/\/www.barragrande24horas.com.br\/v1\/wp-json\/wp\/v2\/comments?post=127302"}],"version-history":[{"count":1,"href":"https:\/\/www.barragrande24horas.com.br\/v1\/wp-json\/wp\/v2\/posts\/127302\/revisions"}],"predecessor-version":[{"id":127303,"href":"https:\/\/www.barragrande24horas.com.br\/v1\/wp-json\/wp\/v2\/posts\/127302\/revisions\/127303"}],"wp:featuredmedia":[{"embeddable":true,"href":"https:\/\/www.barragrande24horas.com.br\/v1\/wp-json\/wp\/v2\/media\/124597"}],"wp:attachment":[{"href":"https:\/\/www.barragrande24horas.com.br\/v1\/wp-json\/wp\/v2\/media?parent=127302"}],"wp:term":[{"taxonomy":"category","embeddable":true,"href":"https:\/\/www.barragrande24horas.com.br\/v1\/wp-json\/wp\/v2\/categories?post=127302"},{"taxonomy":"post_tag","embeddable":true,"href":"https:\/\/www.barragrande24horas.com.br\/v1\/wp-json\/wp\/v2\/tags?post=127302"}],"curies":[{"name":"wp","href":"https:\/\/api.w.org\/{rel}","templated":true}]}}