{"id":127269,"date":"2021-02-15T19:33:28","date_gmt":"2021-02-15T22:33:28","guid":{"rendered":"http:\/\/www.barragrande24horas.com.br\/v1\/?p=127269"},"modified":"2021-02-15T19:33:28","modified_gmt":"2021-02-15T22:33:28","slug":"a-beira-do-colapso-bahia-tem-9-hospitais-com-taxa-de-ocupacao-para-covid-em-100","status":"publish","type":"post","link":"https:\/\/www.barragrande24horas.com.br\/v1\/2021\/02\/15\/a-beira-do-colapso-bahia-tem-9-hospitais-com-taxa-de-ocupacao-para-covid-em-100\/","title":{"rendered":"\u00c0 beira do colapso: Bahia tem 9 hospitais com taxa de ocupa\u00e7\u00e3o para covid em 100%"},"content":{"rendered":"<p><img loading=\"lazy\" class=\"aligncenter wp-image-127270 size-full\" src=\"http:\/\/www.barragrande24horas.com.br\/v1\/wp-content\/uploads\/2021\/02\/HRCC-I-Feira-de-Sa\u00fade-8-588x382.jpg\" alt=\"\" width=\"588\" height=\"382\" srcset=\"https:\/\/www.barragrande24horas.com.br\/v1\/wp-content\/uploads\/2021\/02\/HRCC-I-Feira-de-Sa\u00fade-8-588x382.jpg 588w, https:\/\/www.barragrande24horas.com.br\/v1\/wp-content\/uploads\/2021\/02\/HRCC-I-Feira-de-Sa\u00fade-8-588x382-462x300.jpg 462w\" sizes=\"(max-width: 588px) 100vw, 588px\" \/><\/p>\n<p class=\"bodytext\">De acordo com o boletim epidemiol\u00f3gico divulgado pela Secretaria de Sa\u00fade do Estado da Bahia (Sesab) neste domingo (14), 64% dos leitos destinados no estado para pacientes com a covid-19 est\u00e3o ocupados. Em rela\u00e7\u00e3o \u00e0 ocupa\u00e7\u00e3o de leitos de UTI, o n\u00famero \u00e9 ainda mais elevado: 71%. Pelo menos nove unidades de sa\u00fade da Bahia est\u00e3o com 100% de ocupa\u00e7\u00e3o de leitos por conta do avan\u00e7o da doen\u00e7a nas \u00faltimas semanas. O cen\u00e1rio \u00e9 de preocupa\u00e7\u00e3o entre profissionais de sa\u00fade e gestores do estado e do munic\u00edpio.<\/p>\n<p class=\"bodytext\">Os hospitais sem vagas na Bahia s\u00e3o: Hospital Geral Cleriston Andrade (100% de ocupa\u00e7\u00e3o de leitos cl\u00ednicos &#8211; Feira de Santana), Hospital Santa Helena (100% de ocupa\u00e7\u00e3o de leitos de UTI adulto &#8211; Cama\u00e7ari),\u00a0 Hospital de Refer\u00eancia Itaigara (100% de ocupa\u00e7\u00e3o de leitos cl\u00ednicos &#8211; Salvador), Hospital do Sub\u00farbio (100% de ocupa\u00e7\u00e3o de leitos cl\u00ednicos &#8211; Salvador), Hospital Regional Dantas Bi\u00e3o (100% de ocupa\u00e7\u00e3o de leitos cl\u00ednicos &#8211; Alagoinhas), Hospital Regional Costa Do Cacau (100% de ocupa\u00e7\u00e3o de leitos cl\u00ednicos &#8211; Ilh\u00e9us), Hospital Calixto Midlej Filho (100% de ocupa\u00e7\u00e3o de leitos cl\u00ednicos &#8211; Itabuna), Hospital Manoel Novaes (100% de ocupa\u00e7\u00e3o de leitos de UTI pedi\u00e1trica &#8211; Itabuna), Hospital S\u00e3o Vicente (100% de ocupa\u00e7\u00e3o de leitos de UTI adulto &#8211; Jequi\u00e9).<\/p>\n<p class=\"bodytext\">A Bahia j\u00e1 contabiliza 629.849 casos confirmados da doen\u00e7a, 15.392 casos ativos e 10.735 \u00f3bitos. Somente neste domingo, 2.584 casos foram registrados e 61 \u00f3bitos. A taxa de mortes vem crescendo conforme os dias de 2021 v\u00eam passando. No primeiro dia do ano, foram registrados 30 \u00f3bitos di\u00e1rios. No dia 1\u00ba de fevereiro, o n\u00famero subiu para 39. Na \u00faltima sexta-feira (12), foram 67 mortes.<\/p>\n<div class=\"amp-hidden\">\n<p class=\"bodytext\">A Sesab informou que, na \u00faltima semana, os n\u00fameros demonstraram uma tend\u00eancia de crescimento dos \u00f3bitos e de quadros cl\u00ednicos mais graves, o que tem ampliado a taxa de ocupa\u00e7\u00e3o nas UTIs. \u201cNeste cen\u00e1rio, o Governo da Bahia abriu novos leitos de terapia intensiva nos munic\u00edpios de Cama\u00e7ari, Seabra e Barra nos \u00faltimos dias e est\u00e3o previstas amplia\u00e7\u00f5es nas cidades de Ilh\u00e9us e Porto Seguro, em um esfor\u00e7o para reduzir a press\u00e3o na rede assistencial\u201d diz o boletim.<\/p>\n<p class=\"bodytext\">No s\u00e1bado, o governador Rui Costa alertou para risco de colapso no sistema de sa\u00fade. Segundo ele, a Bahia est\u00e1 hoje com n\u00edveis de transmiss\u00e3o iguais aos de agosto de 2020, quando os casos ainda cresciam. A m\u00e9dia de pacientes para serem regulados nas unidades de sa\u00fade, que alternava entre 30 e 40 na Bahia, chegou a 83.<\/p>\n<p class=\"bodytext\">Para Rui, o cen\u00e1rio indica chances de colapso na rede. &#8220;Se continuar esse ritmo de crescimento da doen\u00e7a na Bahia, em duas ou tr\u00eas semanas n\u00f3s podemos estar pior do que est\u00e1vamos em julho do ano passado e corremos o risco de ter colapso no sistema de sa\u00fade, o que, em nenhum momento n\u00f3s tivemos desde o in\u00edcio da pandemia&#8221;, disse.<\/p>\n<p class=\"bodytext\">O governador fez um pedido \u00e0 popula\u00e7\u00e3o, para que as pessoas n\u00e3o deixem de usar m\u00e1scara, de higienizar as m\u00e3os e de ter distanciamento social. &#8220;Fica o meu apelo a voc\u00ea. E se tiver algum sintoma, n\u00e3o acredite no presidente da Rep\u00fablica. N\u00e3o \u00e9 uma gripezinha, a doen\u00e7a mata&#8221;, enfatizou.<\/p>\n<p><em>*Com orienta\u00e7\u00e3o do chefe de reportagem Jorge Gauthier | Correio 24h<\/em><\/p>\n<\/div>\n","protected":false},"excerpt":{"rendered":"<p>De acordo com o boletim epidemiol\u00f3gico divulgado pela Secretaria de Sa\u00fade do Estado da Bahia (Sesab) neste domingo (14), 64% dos leitos destinados no estado para pacientes com a covid-19 est\u00e3o ocupados. Em rela\u00e7\u00e3o \u00e0 ocupa\u00e7\u00e3o de leitos de UTI, o n\u00famero \u00e9 ainda mais elevado: 71%. Pelo menos nove unidades de sa\u00fade da Bahia est\u00e3o com 100% de ocupa\u00e7\u00e3o de leitos por conta do avan\u00e7o da doen\u00e7a nas \u00faltimas semanas. O cen\u00e1rio \u00e9 de preocupa\u00e7\u00e3o entre profissionais de sa\u00fade e gestores do estado e do munic\u00edpio. Os hospitais sem vagas na Bahia s\u00e3o: Hospital Geral Cleriston Andrade (100% de [&hellip;]<\/p>\n","protected":false},"author":2,"featured_media":127270,"comment_status":"open","ping_status":"closed","sticky":false,"template":"","format":"standard","meta":[],"categories":[8],"tags":[],"_links":{"self":[{"href":"https:\/\/www.barragrande24horas.com.br\/v1\/wp-json\/wp\/v2\/posts\/127269"}],"collection":[{"href":"https:\/\/www.barragrande24horas.com.br\/v1\/wp-json\/wp\/v2\/posts"}],"about":[{"href":"https:\/\/www.barragrande24horas.com.br\/v1\/wp-json\/wp\/v2\/types\/post"}],"author":[{"embeddable":true,"href":"https:\/\/www.barragrande24horas.com.br\/v1\/wp-json\/wp\/v2\/users\/2"}],"replies":[{"embeddable":true,"href":"https:\/\/www.barragrande24horas.com.br\/v1\/wp-json\/wp\/v2\/comments?post=127269"}],"version-history":[{"count":1,"href":"https:\/\/www.barragrande24horas.com.br\/v1\/wp-json\/wp\/v2\/posts\/127269\/revisions"}],"predecessor-version":[{"id":127271,"href":"https:\/\/www.barragrande24horas.com.br\/v1\/wp-json\/wp\/v2\/posts\/127269\/revisions\/127271"}],"wp:featuredmedia":[{"embeddable":true,"href":"https:\/\/www.barragrande24horas.com.br\/v1\/wp-json\/wp\/v2\/media\/127270"}],"wp:attachment":[{"href":"https:\/\/www.barragrande24horas.com.br\/v1\/wp-json\/wp\/v2\/media?parent=127269"}],"wp:term":[{"taxonomy":"category","embeddable":true,"href":"https:\/\/www.barragrande24horas.com.br\/v1\/wp-json\/wp\/v2\/categories?post=127269"},{"taxonomy":"post_tag","embeddable":true,"href":"https:\/\/www.barragrande24horas.com.br\/v1\/wp-json\/wp\/v2\/tags?post=127269"}],"curies":[{"name":"wp","href":"https:\/\/api.w.org\/{rel}","templated":true}]}}