{"id":127267,"date":"2021-02-15T18:53:11","date_gmt":"2021-02-15T21:53:11","guid":{"rendered":"http:\/\/www.barragrande24horas.com.br\/v1\/?p=127267"},"modified":"2021-02-15T18:53:11","modified_gmt":"2021-02-15T21:53:11","slug":"tj-ba-derruba-liminar-que-decretava-retorno-das-aulas-presenciais-em-escolas-da-bahia","status":"publish","type":"post","link":"https:\/\/www.barragrande24horas.com.br\/v1\/2021\/02\/15\/tj-ba-derruba-liminar-que-decretava-retorno-das-aulas-presenciais-em-escolas-da-bahia\/","title":{"rendered":"TJ-BA derruba liminar que decretava retorno das aulas presenciais em escolas da Bahia"},"content":{"rendered":"<p><img loading=\"lazy\" class=\"size-medium wp-image-127216 aligncenter\" src=\"http:\/\/www.barragrande24horas.com.br\/v1\/wp-content\/uploads\/2021\/02\/bahia-ba-escola-foto-paula-froes-govba-429x300.jpg\" alt=\"\" width=\"429\" height=\"300\" srcset=\"https:\/\/www.barragrande24horas.com.br\/v1\/wp-content\/uploads\/2021\/02\/bahia-ba-escola-foto-paula-froes-govba-429x300.jpg 429w, https:\/\/www.barragrande24horas.com.br\/v1\/wp-content\/uploads\/2021\/02\/bahia-ba-escola-foto-paula-froes-govba.jpg 600w\" sizes=\"(max-width: 429px) 100vw, 429px\" \/><\/p>\n<p>O Tribunal de Justi\u00e7a da Bahia (TJ-BA) suspendeu nesta segunda-feira (15) a liminar que decretava o retorno \u00e0s aulas presenciais nas escolas p\u00fablicas da Bahia, expedida pela 6\u00aa Vara da Fazenda P\u00fablica de Salvador em 5 de fevereiro.<\/p>\n<p>A decis\u00e3o, proferida pelo presidente do TJ-BA, desembargador Lourival Trindade, destaca que a manuten\u00e7\u00e3o da decis\u00e3o, nos moldes em que redigido, &#8220;al\u00e9m de vergastar, desapiedadamente, o princ\u00edpio da separa\u00e7\u00e3o dos Poderes, vem ocasionando incontradit\u00e1vel risco de les\u00e3o \u00e0 ordem e \u00e0 sa\u00fade p\u00fablicas estaduais&#8221;.<\/p>\n<p>Na decis\u00e3o, o desembargador ainda pontuou que &#8220;na hip\u00f3tese dos autos, depreende-se que, neste momento, ante \u00e0 impossibilidade de viabilizar-se a retomada das atividades presenciais das institui\u00e7\u00f5es de ensino, das redes p\u00fablica e particular, de todo o territ\u00f3rio do Estado da Bahia, sem que sejam, diretamente, afetados os direitos \u00e0 sa\u00fade e, corolariamente, \u00e0 vida, \u00e9 incontend\u00edvel que estes \u00faltimos devam prevalecer, em detrimento do direito \u00e0 educa\u00e7\u00e3o&#8221;.<\/p>\n<p>No s\u00e1bado (13), o governo do estado prorrogou o decreto de suspens\u00e3o das aulas, nas redes p\u00fablica e privada, at\u00e9 o dia 21 de fevereiro.<\/p>\n","protected":false},"excerpt":{"rendered":"<p>O Tribunal de Justi\u00e7a da Bahia (TJ-BA) suspendeu nesta segunda-feira (15) a liminar que decretava o retorno \u00e0s aulas presenciais nas escolas p\u00fablicas da Bahia, expedida pela 6\u00aa Vara da Fazenda P\u00fablica de Salvador em 5 de fevereiro. A decis\u00e3o, proferida pelo presidente do TJ-BA, desembargador Lourival Trindade, destaca que a manuten\u00e7\u00e3o da decis\u00e3o, nos moldes em que redigido, &#8220;al\u00e9m de vergastar, desapiedadamente, o princ\u00edpio da separa\u00e7\u00e3o dos Poderes, vem ocasionando incontradit\u00e1vel risco de les\u00e3o \u00e0 ordem e \u00e0 sa\u00fade p\u00fablicas estaduais&#8221;. Na decis\u00e3o, o desembargador ainda pontuou que &#8220;na hip\u00f3tese dos autos, depreende-se que, neste momento, ante \u00e0 impossibilidade [&hellip;]<\/p>\n","protected":false},"author":2,"featured_media":127216,"comment_status":"open","ping_status":"closed","sticky":false,"template":"","format":"standard","meta":[],"categories":[8],"tags":[3699],"_links":{"self":[{"href":"https:\/\/www.barragrande24horas.com.br\/v1\/wp-json\/wp\/v2\/posts\/127267"}],"collection":[{"href":"https:\/\/www.barragrande24horas.com.br\/v1\/wp-json\/wp\/v2\/posts"}],"about":[{"href":"https:\/\/www.barragrande24horas.com.br\/v1\/wp-json\/wp\/v2\/types\/post"}],"author":[{"embeddable":true,"href":"https:\/\/www.barragrande24horas.com.br\/v1\/wp-json\/wp\/v2\/users\/2"}],"replies":[{"embeddable":true,"href":"https:\/\/www.barragrande24horas.com.br\/v1\/wp-json\/wp\/v2\/comments?post=127267"}],"version-history":[{"count":1,"href":"https:\/\/www.barragrande24horas.com.br\/v1\/wp-json\/wp\/v2\/posts\/127267\/revisions"}],"predecessor-version":[{"id":127268,"href":"https:\/\/www.barragrande24horas.com.br\/v1\/wp-json\/wp\/v2\/posts\/127267\/revisions\/127268"}],"wp:featuredmedia":[{"embeddable":true,"href":"https:\/\/www.barragrande24horas.com.br\/v1\/wp-json\/wp\/v2\/media\/127216"}],"wp:attachment":[{"href":"https:\/\/www.barragrande24horas.com.br\/v1\/wp-json\/wp\/v2\/media?parent=127267"}],"wp:term":[{"taxonomy":"category","embeddable":true,"href":"https:\/\/www.barragrande24horas.com.br\/v1\/wp-json\/wp\/v2\/categories?post=127267"},{"taxonomy":"post_tag","embeddable":true,"href":"https:\/\/www.barragrande24horas.com.br\/v1\/wp-json\/wp\/v2\/tags?post=127267"}],"curies":[{"name":"wp","href":"https:\/\/api.w.org\/{rel}","templated":true}]}}