{"id":127258,"date":"2021-02-12T19:56:56","date_gmt":"2021-02-12T22:56:56","guid":{"rendered":"http:\/\/www.barragrande24horas.com.br\/v1\/?p=127258"},"modified":"2021-02-12T19:56:56","modified_gmt":"2021-02-12T22:56:56","slug":"aliado-de-acm-neto-e-integrante-do-centrao-joao-roma-e-nomeado-ministro-da-cidadania","status":"publish","type":"post","link":"https:\/\/www.barragrande24horas.com.br\/v1\/2021\/02\/12\/aliado-de-acm-neto-e-integrante-do-centrao-joao-roma-e-nomeado-ministro-da-cidadania\/","title":{"rendered":"Aliado de ACM Neto e integrante do centr\u00e3o, Jo\u00e3o Roma \u00e9 nomeado ministro da Cidadania"},"content":{"rendered":"<div class=\"mc-column content-text active-extra-styles \" data-block-type=\"unstyled\" data-block-weight=\"36\" data-block-id=\"2\">\n<p data-track-category=\"Link no Texto\" data-track-links=\"\"><img loading=\"lazy\" class=\"aligncenter wp-image-127259 \" src=\"http:\/\/www.barragrande24horas.com.br\/v1\/wp-content\/uploads\/2021\/02\/WhatsApp-Image-2021-02-11-at-11.53.10.jpeg\" alt=\"\" width=\"578\" height=\"436\" srcset=\"https:\/\/www.barragrande24horas.com.br\/v1\/wp-content\/uploads\/2021\/02\/WhatsApp-Image-2021-02-11-at-11.53.10.jpeg 720w, https:\/\/www.barragrande24horas.com.br\/v1\/wp-content\/uploads\/2021\/02\/WhatsApp-Image-2021-02-11-at-11.53.10-398x300.jpeg 398w\" sizes=\"(max-width: 578px) 100vw, 578px\" \/><\/p>\n<p class=\"content-text__container \" data-track-category=\"Link no Texto\" data-track-links=\"\">O deputado federal\u00a0<a href=\"https:\/\/g1.globo.com\/politica\/politico\/onyx-lorenzoni\/\">Onyx Lorenzoni<\/a>\u00a0(DEM-RS) foi nomeado nesta sexta-feira (12) pelo governo federal como novo ministro da Secretaria-Geral da Presid\u00eancia da Rep\u00fablica, informa\u00e7\u00e3o que o\u00a0<a href=\"https:\/\/g1.globo.com\/politica\/noticia\/2021\/02\/08\/bolsonaro-diz-que-onyx-deixara-cidadania-para-assumir-secretaria-geral-da-presidencia.ghtml\">presidente Jair Bolsonaro j\u00e1 havia antecipado no \u00faltimo dia 8<\/a>. Onyx estava no comando do\u00a0<a href=\"https:\/\/g1.globo.com\/tudo-sobre\/ministerio-da-cidadania\/\">Minist\u00e9rio da Cidadania<\/a>. Para a pasta, o governo Jair Bolsonaro nomeou o deputado federal Jo\u00e3o Roma (Republicanos-BA), que foi chefe de gabinete de ACM Neto na Prefeitura de Salvador (<em>veja perfil abaixo<\/em>).<\/p>\n<\/div>\n<div class=\"wall protected-content\">\n<div class=\"mc-column content-text active-extra-styles \" data-block-type=\"unstyled\" data-block-weight=\"37\" data-block-id=\"3\">\n<div class=\"mc-column content-text active-extra-styles\" data-block-type=\"raw\" data-block-weight=\"12\" data-block-id=\"4\">\n<div class=\"mc-column content-text active-extra-styles \" data-block-type=\"unstyled\" data-block-weight=\"36\" data-block-id=\"6\">\n<div class=\"mc-column content-text active-extra-styles\" data-block-type=\"raw\" data-block-weight=\"2\" data-block-id=\"9\">\n<div class=\"content-intertitle\">\n<h2>Jo\u00e3o Roma<\/h2>\n<\/div>\n<\/div>\n<div class=\"mc-column content-text active-extra-styles \" data-block-type=\"unstyled\" data-block-weight=\"38\" data-block-id=\"10\">\n<p class=\"content-text__container \" data-track-category=\"Link no Texto\" data-track-links=\"\">Jo\u00e3o In\u00e1cio Ribeiro Roma Neto (Republicanos-BA), 48 anos de idade, est\u00e1 no primeiro mandato como deputado federal, eleito pela Bahia. Formado em Direito, \u00e9 ligado ao ex-prefeito de Salvador ACM Neto, de quem foi chefe de gabinete.<\/p>\n<\/div>\n<div class=\"mc-column content-text active-extra-styles \" data-block-type=\"unstyled\" data-block-weight=\"43\" data-block-id=\"11\">\n<p class=\"content-text__container \" data-track-category=\"Link no Texto\" data-track-links=\"\">Jo\u00e3o Roma vem de uma fam\u00edlia tradicional na pol\u00edtica de Pernambuco. O av\u00f4, tamb\u00e9m conhecido como Jo\u00e3o Roma, foi secret\u00e1rio estadual de Seguran\u00e7a e de Justi\u00e7a em Pernambuco, al\u00e9m de deputado federal filiado \u00e0 Arena \u2013 partido de sustenta\u00e7\u00e3o da ditadura militar (1964-1985).<\/p>\n<\/div>\n<div class=\"mc-column content-text active-extra-styles \" data-block-type=\"unstyled\" data-block-weight=\"30\" data-block-id=\"12\">\n<p class=\"content-text__container \" data-track-category=\"Link no Texto\" data-track-links=\"\">O novo ministro mudou-se para Salvador em 2002. Foi filiado ao antigo PFL, que se tornou DEM, e j\u00e1 como chefe de gabinete de ACM Neto filiou-se ao Republicanos.<\/p>\n<\/div>\n<\/div>\n<\/div>\n<\/div>\n<\/div>\n","protected":false},"excerpt":{"rendered":"<p>O deputado federal\u00a0Onyx Lorenzoni\u00a0(DEM-RS) foi nomeado nesta sexta-feira (12) pelo governo federal como novo ministro da Secretaria-Geral da Presid\u00eancia da Rep\u00fablica, informa\u00e7\u00e3o que o\u00a0presidente Jair Bolsonaro j\u00e1 havia antecipado no \u00faltimo dia 8. Onyx estava no comando do\u00a0Minist\u00e9rio da Cidadania. Para a pasta, o governo Jair Bolsonaro nomeou o deputado federal Jo\u00e3o Roma (Republicanos-BA), que foi chefe de gabinete de ACM Neto na Prefeitura de Salvador (veja perfil abaixo). Jo\u00e3o Roma Jo\u00e3o In\u00e1cio Ribeiro Roma Neto (Republicanos-BA), 48 anos de idade, est\u00e1 no primeiro mandato como deputado federal, eleito pela Bahia. Formado em Direito, \u00e9 ligado ao ex-prefeito de Salvador [&hellip;]<\/p>\n","protected":false},"author":2,"featured_media":127259,"comment_status":"open","ping_status":"closed","sticky":false,"template":"","format":"standard","meta":[],"categories":[8],"tags":[3695,3696],"_links":{"self":[{"href":"https:\/\/www.barragrande24horas.com.br\/v1\/wp-json\/wp\/v2\/posts\/127258"}],"collection":[{"href":"https:\/\/www.barragrande24horas.com.br\/v1\/wp-json\/wp\/v2\/posts"}],"about":[{"href":"https:\/\/www.barragrande24horas.com.br\/v1\/wp-json\/wp\/v2\/types\/post"}],"author":[{"embeddable":true,"href":"https:\/\/www.barragrande24horas.com.br\/v1\/wp-json\/wp\/v2\/users\/2"}],"replies":[{"embeddable":true,"href":"https:\/\/www.barragrande24horas.com.br\/v1\/wp-json\/wp\/v2\/comments?post=127258"}],"version-history":[{"count":1,"href":"https:\/\/www.barragrande24horas.com.br\/v1\/wp-json\/wp\/v2\/posts\/127258\/revisions"}],"predecessor-version":[{"id":127260,"href":"https:\/\/www.barragrande24horas.com.br\/v1\/wp-json\/wp\/v2\/posts\/127258\/revisions\/127260"}],"wp:featuredmedia":[{"embeddable":true,"href":"https:\/\/www.barragrande24horas.com.br\/v1\/wp-json\/wp\/v2\/media\/127259"}],"wp:attachment":[{"href":"https:\/\/www.barragrande24horas.com.br\/v1\/wp-json\/wp\/v2\/media?parent=127258"}],"wp:term":[{"taxonomy":"category","embeddable":true,"href":"https:\/\/www.barragrande24horas.com.br\/v1\/wp-json\/wp\/v2\/categories?post=127258"},{"taxonomy":"post_tag","embeddable":true,"href":"https:\/\/www.barragrande24horas.com.br\/v1\/wp-json\/wp\/v2\/tags?post=127258"}],"curies":[{"name":"wp","href":"https:\/\/api.w.org\/{rel}","templated":true}]}}