{"id":127254,"date":"2021-02-12T19:40:25","date_gmt":"2021-02-12T22:40:25","guid":{"rendered":"http:\/\/www.barragrande24horas.com.br\/v1\/?p=127254"},"modified":"2021-02-12T19:40:25","modified_gmt":"2021-02-12T22:40:25","slug":"brasil-registrou-mais-de-43-mil-homicidios-em-2020-alta-e-puxada-pelo-nordeste","status":"publish","type":"post","link":"https:\/\/www.barragrande24horas.com.br\/v1\/2021\/02\/12\/brasil-registrou-mais-de-43-mil-homicidios-em-2020-alta-e-puxada-pelo-nordeste\/","title":{"rendered":"BRASIL REGISTROU MAIS DE 43 MIL HOMIC\u00cdDIOS EM 2020; ALTA \u00c9 PUXADA PELO NORDESTE"},"content":{"rendered":"<p>&nbsp;<\/p>\n<p><img loading=\"lazy\" class=\"aligncenter wp-image-127255\" src=\"http:\/\/www.barragrande24horas.com.br\/v1\/wp-content\/uploads\/2021\/02\/images.jpg\" alt=\"\" width=\"500\" height=\"276\" \/><\/p>\n<div class=\"mc-column content-text active-extra-styles \" data-block-type=\"unstyled\" data-block-weight=\"45\" data-block-id=\"2\">\n<p class=\"content-text__container \" data-track-category=\"Link no Texto\" data-track-links=\"\">O Brasil teve uma alta de 5% nos assassinatos em 2020 na compara\u00e7\u00e3o com 2019, ap\u00f3s dois anos consecutivos de queda. \u00c9 o que mostra o \u00edndice nacional de homic\u00eddios criado pelo\u00a0<strong>G1<\/strong>, com base nos dados oficiais dos 26 estados e do Distrito Federal. No ano passado, foram registradas 43.892 mortes violentas, contra 41.730 em 2019. Ou seja, 2.162 mortes a mais. Est\u00e3o contabilizadas no n\u00famero as v\u00edtimas de homic\u00eddios dolosos (incluindo os feminic\u00eddios), latroc\u00ednios e les\u00f5es corporais seguidas de morte.<\/p>\n<\/div>\n<div class=\"wall protected-content\">\n<div class=\"mc-column content-text active-extra-styles \" data-block-type=\"unstyled\" data-block-weight=\"45\" data-block-id=\"4\">\n<p class=\"content-text__container \" data-track-category=\"Link no Texto\" data-track-links=\"\">O aumento de mortes aconteceu mesmo durante a pandemia do novo coronav\u00edrus e foi puxado principalmente pelo Nordeste, que teve um aumento expressivo nos assassinatos: 20%. \u00c9 importante ressaltar que a regi\u00e3o tamb\u00e9m foi a grande respons\u00e1vel pela queda de mortes nos \u00faltimos dois anos.<\/p>\n<div class=\"mc-column content-text active-extra-styles \" data-block-type=\"unstyled\" data-block-weight=\"58\" data-block-id=\"6\">\n<p class=\"content-text__container \" data-track-category=\"Link no Texto\" data-track-links=\"\">A regi\u00e3o Sul tamb\u00e9m teve uma leve alta. J\u00e1 nas outras regi\u00f5es (Norte, Centro-Oeste e Sudeste), o n\u00famero de crimes violentos foi menor na compara\u00e7\u00e3o com o ano anterior. A regi\u00e3o Norte teve a queda mais acentuada: &#8211; 11%. Ao todo, mais da metade dos estados registrou uma alta. Houve aumento dos assassinatos em 14 unidades da federa\u00e7\u00e3o.<\/p>\n<\/div>\n<div class=\"content-ads content-ads--reveal\" data-block-type=\"ads\" data-block-id=\"7\">\n<div id=\"banner_materia2\" class=\"tag-manager-publicidade-container mc-has-reveal mc-has-ad-lazyload tag-manager-publicidade-banner_materia2 tag-manager-publicidade-container--carregado tag-manager-publicidade-container--visivel\" data-id=\"banner_materia2\" data-req=\"true\" data-google-query-id=\"CL7V6POy5e4CFdkCuQYd_B8Aeg\" data-cid=\"138339083692\" data-lid=\"5607488047\">\n<div class=\"mc-column content-text active-extra-styles \" data-block-type=\"unstyled\" data-block-weight=\"4\" data-block-id=\"9\">\n<p class=\"content-text__container \" data-track-category=\"Link no Texto\" data-track-links=\"\">Os dados apontam que:<\/p>\n<\/div>\n<div class=\"mc-column content-text active-extra-styles\" data-block-type=\"raw\" data-block-weight=\"83\" data-block-id=\"10\">\n<ul class=\"content-unordered-list\">\n<li>houve\u00a0<span class=\"highlight highlighted\">43.892 assassinatos em 2020<\/span>, o que significa\u00a0<span class=\"highlight highlighted\">2.162 mortes a mais<\/span>\u00a0que em 2019<\/li>\n<li>a\u00a0<span class=\"highlight highlighted\">regi\u00e3o Nordeste<\/span>\u00a0foi a principal respons\u00e1vel pela alta no pa\u00eds:\u00a0<span class=\"highlight highlighted\">20% de aumento<\/span><\/li>\n<li>o\u00a0<span class=\"highlight highlighted\">Cear\u00e1<\/span>\u00a0foi o destaque negativo, com um\u00a0<span class=\"highlight highlighted\">aumento de 81% nas mortes<\/span><\/li>\n<li><span class=\"highlight highlighted\">14 estados<\/span>\u00a0apresentaram\u00a0<span class=\"highlight highlighted\">alta de assassinatos<\/span>\u00a0no per\u00edodo<\/li>\n<li><span class=\"highlight highlighted\">4 estados<\/span>\u00a0tiveram\u00a0<span class=\"highlight highlighted\">altas superiores a 15%<\/span>: Para\u00edba, Piau\u00ed, Maranh\u00e3o e Cear\u00e1<\/li>\n<li>a\u00a0<span class=\"highlight highlighted\">maior queda<\/span>\u00a0se deu na\u00a0<span class=\"highlight highlighted\">regi\u00e3o Norte<\/span>: -11%<\/li>\n<li>o\u00a0<span class=\"highlight highlighted\">Par\u00e1<\/span>\u00a0foi o estado com a\u00a0<span class=\"highlight highlighted\">maior diminui\u00e7\u00e3o de mortes<\/span>: -19%<\/li>\n<\/ul>\n<div class=\"mc-column content-text active-extra-styles \" data-block-type=\"unstyled\" data-block-weight=\"39\" data-block-id=\"11\">\n<p class=\"content-text__container \" data-track-category=\"Link no Texto\" data-track-links=\"\">O levantamento, que compila os dados m\u00eas a m\u00eas, faz parte do Monitor da Viol\u00eancia, uma parceria do\u00a0<strong>G1\u00a0<\/strong>com o N\u00facleo de Estudos da Viol\u00eancia da Universidade de S\u00e3o Paulo (NEV-USP) e o F\u00f3rum Brasileiro de Seguran\u00e7a P\u00fablica.<\/p>\n<\/div>\n<div class=\"content-ads content-ads--reveal\" data-block-type=\"ads\" data-block-id=\"12\">\n<div id=\"banner_materia__6c324c4e-9988-4a99-9143-8a34fb73f9fd\" class=\"tag-manager-publicidade-container mc-has-reveal mc-has-ad-lazyload tag-manager-publicidade-banner_materia__6c324c4e-9988-4a99-9143-8a34fb73f9fd tag-manager-publicidade-container--carregado tag-manager-publicidade-container--visivel\" data-id=\"banner_materia__6c324c4e-9988-4a99-9143-8a34fb73f9fd\" data-req=\"true\" data-google-query-id=\"CP2CjdOz5e4CFQY0uQYdZ9QEXA\" data-cid=\"138338941036\" data-lid=\"5606238389\"><\/div>\n<\/div>\n<\/div>\n<\/div>\n<\/div>\n<\/div>\n<\/div>\n","protected":false},"excerpt":{"rendered":"<p>&nbsp; O Brasil teve uma alta de 5% nos assassinatos em 2020 na compara\u00e7\u00e3o com 2019, ap\u00f3s dois anos consecutivos de queda. \u00c9 o que mostra o \u00edndice nacional de homic\u00eddios criado pelo\u00a0G1, com base nos dados oficiais dos 26 estados e do Distrito Federal. No ano passado, foram registradas 43.892 mortes violentas, contra 41.730 em 2019. Ou seja, 2.162 mortes a mais. Est\u00e3o contabilizadas no n\u00famero as v\u00edtimas de homic\u00eddios dolosos (incluindo os feminic\u00eddios), latroc\u00ednios e les\u00f5es corporais seguidas de morte. O aumento de mortes aconteceu mesmo durante a pandemia do novo coronav\u00edrus e foi puxado principalmente pelo Nordeste, [&hellip;]<\/p>\n","protected":false},"author":2,"featured_media":127256,"comment_status":"open","ping_status":"closed","sticky":false,"template":"","format":"standard","meta":[],"categories":[8],"tags":[3694],"_links":{"self":[{"href":"https:\/\/www.barragrande24horas.com.br\/v1\/wp-json\/wp\/v2\/posts\/127254"}],"collection":[{"href":"https:\/\/www.barragrande24horas.com.br\/v1\/wp-json\/wp\/v2\/posts"}],"about":[{"href":"https:\/\/www.barragrande24horas.com.br\/v1\/wp-json\/wp\/v2\/types\/post"}],"author":[{"embeddable":true,"href":"https:\/\/www.barragrande24horas.com.br\/v1\/wp-json\/wp\/v2\/users\/2"}],"replies":[{"embeddable":true,"href":"https:\/\/www.barragrande24horas.com.br\/v1\/wp-json\/wp\/v2\/comments?post=127254"}],"version-history":[{"count":1,"href":"https:\/\/www.barragrande24horas.com.br\/v1\/wp-json\/wp\/v2\/posts\/127254\/revisions"}],"predecessor-version":[{"id":127257,"href":"https:\/\/www.barragrande24horas.com.br\/v1\/wp-json\/wp\/v2\/posts\/127254\/revisions\/127257"}],"wp:featuredmedia":[{"embeddable":true,"href":"https:\/\/www.barragrande24horas.com.br\/v1\/wp-json\/wp\/v2\/media\/127256"}],"wp:attachment":[{"href":"https:\/\/www.barragrande24horas.com.br\/v1\/wp-json\/wp\/v2\/media?parent=127254"}],"wp:term":[{"taxonomy":"category","embeddable":true,"href":"https:\/\/www.barragrande24horas.com.br\/v1\/wp-json\/wp\/v2\/categories?post=127254"},{"taxonomy":"post_tag","embeddable":true,"href":"https:\/\/www.barragrande24horas.com.br\/v1\/wp-json\/wp\/v2\/tags?post=127254"}],"curies":[{"name":"wp","href":"https:\/\/api.w.org\/{rel}","templated":true}]}}