{"id":127251,"date":"2021-02-12T18:08:28","date_gmt":"2021-02-12T21:08:28","guid":{"rendered":"http:\/\/www.barragrande24horas.com.br\/v1\/?p=127251"},"modified":"2021-02-12T18:08:28","modified_gmt":"2021-02-12T21:08:28","slug":"marau-proibe-atracacao-de-escunas-de-passeio-em-todos-os-portos-da-peninsula","status":"publish","type":"post","link":"https:\/\/www.barragrande24horas.com.br\/v1\/2021\/02\/12\/marau-proibe-atracacao-de-escunas-de-passeio-em-todos-os-portos-da-peninsula\/","title":{"rendered":"MARA\u00da PRO\u00cdBE ATRACA\u00c7\u00c3O DE ESCUNAS DE PASSEIO EM TODOS OS PORTOS DA PEN\u00cdNSULA"},"content":{"rendered":"<div id=\"attachment_127252\" style=\"width: 596px\" class=\"wp-caption aligncenter\"><img aria-describedby=\"caption-attachment-127252\" loading=\"lazy\" class=\"wp-image-127252 \" src=\"http:\/\/www.barragrande24horas.com.br\/v1\/wp-content\/uploads\/2021\/02\/P\u00eder-de-Barra-Grande-1024x768.jpeg\" alt=\"\" width=\"586\" height=\"440\" srcset=\"https:\/\/www.barragrande24horas.com.br\/v1\/wp-content\/uploads\/2021\/02\/P\u00eder-de-Barra-Grande.jpeg 1024w, https:\/\/www.barragrande24horas.com.br\/v1\/wp-content\/uploads\/2021\/02\/P\u00eder-de-Barra-Grande-400x300.jpeg 400w, https:\/\/www.barragrande24horas.com.br\/v1\/wp-content\/uploads\/2021\/02\/P\u00eder-de-Barra-Grande-768x576.jpeg 768w\" sizes=\"(max-width: 586px) 100vw, 586px\" \/><p id=\"caption-attachment-127252\" class=\"wp-caption-text\">P\u00eder de Barra Grande | Foto: Darlim Santos<\/p><\/div>\n<p style=\"text-align: justify;\">Popula\u00e7\u00e3o e classe comercial devem ficar atentas \u00e0s novas medidas restritivas para frear o avan\u00e7o de casos do coronav\u00edrus (Covid-19) em Mara\u00fa. De acordo com o Decreto 1545, editado na quarta-feira (10), as restri\u00e7\u00f5es s\u00e3o v\u00e1lidas por 30 dias.<\/p>\n<p style=\"text-align: justify;\">O documento pro\u00edbe temporariamente, todas as embarca\u00e7\u00f5es com finalidade tur\u00edstica na modalidade &#8216;day use&#8217; advindas de quaisquer outras localidades atracar em qualquer dos portos da Pen\u00ednsula, sujeitando ao barqueiro respons\u00e1vel apreens\u00e3o imediata da embarca\u00e7\u00e3o em caso de descumprimento das medidas adotas.<\/p>\n<p style=\"text-align: justify;\">O novo decreto tamb\u00e9m faz restri\u00e7\u00f5es no hor\u00e1rio de funcionamento no per\u00edodo noturno para todos os estabelecimentos comerciais, os quais dever\u00e3o encerrar suas a 00:30 min.<\/p>\n<p style=\"text-align: justify;\">As barracas de praia, restaurantes a beira mar e assemelhados n\u00e3o poder\u00e3o, durante o per\u00edodo em que perdurar este decreto, ofertar entretenimentos tais como bandas, conjuntos musicais, shows, shows com DJs e\/ou com m\u00fasicas eletr\u00f4nicas e\/ou similares, que possam incitar aglomera\u00e7\u00f5es e\/ou manifesta\u00e7\u00e3o dan\u00e7ante em ambientes, sendo permitido portanto, apenas m\u00fasica atrav\u00e9s de som ambiente, voz e viol\u00e3o.<\/p>\n<p style=\"text-align: justify;\">As empresas que atuam com qualquer tipo de transporte para uso coletivo com finalidade de linha (bate-volta), sejam terrestres, fluviais ou mar\u00edtimos dever\u00e3o promover as devidas adequa\u00e7\u00f5es, reduzindo inclusive a capacidade de lota\u00e7\u00e3o em 50%.<\/p>\n<p style=\"text-align: justify;\">O descumprimento das medidas adotadas sujeitar\u00e1 o estabelecimento comercial a suspens\u00e3o de suas atividades pelo per\u00edodo de 15 dias e a reincid\u00eancia, a cassa\u00e7\u00e3o do alvar\u00e1 de funcionamento e proibi\u00e7\u00e3o de retorno as atividades enquanto perdurar a pandemia, al\u00e9m das medidas administrativas e penais por atentado a sa\u00fade p\u00fablica e desobedi\u00eancia \u00e0 ordem legal.<\/p>\n<p>Fica terminantemente proibida utiliza\u00e7\u00e3o e\/ou instala\u00e7\u00e3o de sons do tipo pared\u00e3o na modalidade m\u00f3vel ou fixo, do mesmo modo, sons automotivos que se assemelhem ao pared\u00e3o, luau e\/ou qualquer tipo de comemora\u00e7\u00f5es nas praias ou locais p\u00fablicos que incorram em aglomera\u00e7\u00f5es<\/p>\n<div class=\"\" data-block=\"true\" data-editor=\"e1abe\" data-offset-key=\"4j9tf-0-0\">\n<div class=\"_1mf _1mj\" style=\"text-align: center;\" data-offset-key=\"4j9tf-0-0\"><strong>ASCOM &#8211; Prefeitura de Mara\u00fa<\/strong><\/div>\n<\/div>\n<div class=\"\" data-block=\"true\" data-editor=\"e1abe\" data-offset-key=\"17fep-0-0\">\n<div class=\"_1mf _1mj\" style=\"text-align: center;\" data-offset-key=\"17fep-0-0\"><span data-offset-key=\"17fep-0-0\">GOVERNO | O Progesso Continua<\/span><\/div>\n<\/div>\n","protected":false},"excerpt":{"rendered":"<p>Popula\u00e7\u00e3o e classe comercial devem ficar atentas \u00e0s novas medidas restritivas para frear o avan\u00e7o de casos do coronav\u00edrus (Covid-19) em Mara\u00fa. De acordo com o Decreto 1545, editado na quarta-feira (10), as restri\u00e7\u00f5es s\u00e3o v\u00e1lidas por 30 dias. O documento pro\u00edbe temporariamente, todas as embarca\u00e7\u00f5es com finalidade tur\u00edstica na modalidade &#8216;day use&#8217; advindas de quaisquer outras localidades atracar em qualquer dos portos da Pen\u00ednsula, sujeitando ao barqueiro respons\u00e1vel apreens\u00e3o imediata da embarca\u00e7\u00e3o em caso de descumprimento das medidas adotas. O novo decreto tamb\u00e9m faz restri\u00e7\u00f5es no hor\u00e1rio de funcionamento no per\u00edodo noturno para todos os estabelecimentos comerciais, os quais [&hellip;]<\/p>\n","protected":false},"author":2,"featured_media":127252,"comment_status":"open","ping_status":"closed","sticky":false,"template":"","format":"standard","meta":[],"categories":[28,22],"tags":[3693],"_links":{"self":[{"href":"https:\/\/www.barragrande24horas.com.br\/v1\/wp-json\/wp\/v2\/posts\/127251"}],"collection":[{"href":"https:\/\/www.barragrande24horas.com.br\/v1\/wp-json\/wp\/v2\/posts"}],"about":[{"href":"https:\/\/www.barragrande24horas.com.br\/v1\/wp-json\/wp\/v2\/types\/post"}],"author":[{"embeddable":true,"href":"https:\/\/www.barragrande24horas.com.br\/v1\/wp-json\/wp\/v2\/users\/2"}],"replies":[{"embeddable":true,"href":"https:\/\/www.barragrande24horas.com.br\/v1\/wp-json\/wp\/v2\/comments?post=127251"}],"version-history":[{"count":1,"href":"https:\/\/www.barragrande24horas.com.br\/v1\/wp-json\/wp\/v2\/posts\/127251\/revisions"}],"predecessor-version":[{"id":127253,"href":"https:\/\/www.barragrande24horas.com.br\/v1\/wp-json\/wp\/v2\/posts\/127251\/revisions\/127253"}],"wp:featuredmedia":[{"embeddable":true,"href":"https:\/\/www.barragrande24horas.com.br\/v1\/wp-json\/wp\/v2\/media\/127252"}],"wp:attachment":[{"href":"https:\/\/www.barragrande24horas.com.br\/v1\/wp-json\/wp\/v2\/media?parent=127251"}],"wp:term":[{"taxonomy":"category","embeddable":true,"href":"https:\/\/www.barragrande24horas.com.br\/v1\/wp-json\/wp\/v2\/categories?post=127251"},{"taxonomy":"post_tag","embeddable":true,"href":"https:\/\/www.barragrande24horas.com.br\/v1\/wp-json\/wp\/v2\/tags?post=127251"}],"curies":[{"name":"wp","href":"https:\/\/api.w.org\/{rel}","templated":true}]}}