{"id":127235,"date":"2021-02-09T20:16:35","date_gmt":"2021-02-09T23:16:35","guid":{"rendered":"http:\/\/www.barragrande24horas.com.br\/v1\/?p=127235"},"modified":"2021-02-09T20:16:35","modified_gmt":"2021-02-09T23:16:35","slug":"prefeitura-de-marau-cancela-ponto-facultativo-em-dias-de-carnaval","status":"publish","type":"post","link":"https:\/\/www.barragrande24horas.com.br\/v1\/2021\/02\/09\/prefeitura-de-marau-cancela-ponto-facultativo-em-dias-de-carnaval\/","title":{"rendered":"PREFEITURA DE MARA\u00da CANCELA PONTO FACULTATIVO EM DIAS DE CARNAVAL"},"content":{"rendered":"<p class=\"text-secondary font-italic mb-3 p-0\"><img loading=\"lazy\" class=\"aligncenter wp-image-127236 \" src=\"http:\/\/www.barragrande24horas.com.br\/v1\/wp-content\/uploads\/2021\/02\/IMG-20180108-WA0003-1024x768.jpg\" alt=\"\" width=\"580\" height=\"435\" srcset=\"https:\/\/www.barragrande24horas.com.br\/v1\/wp-content\/uploads\/2021\/02\/IMG-20180108-WA0003-1024x768.jpg 1024w, https:\/\/www.barragrande24horas.com.br\/v1\/wp-content\/uploads\/2021\/02\/IMG-20180108-WA0003-400x300.jpg 400w, https:\/\/www.barragrande24horas.com.br\/v1\/wp-content\/uploads\/2021\/02\/IMG-20180108-WA0003-768x576.jpg 768w, https:\/\/www.barragrande24horas.com.br\/v1\/wp-content\/uploads\/2021\/02\/IMG-20180108-WA0003.jpg 1280w\" sizes=\"(max-width: 580px) 100vw, 580px\" \/><\/p>\n<p>A Prefeitura Municipal de Mara\u00fa seguir\u00e1 o decreto do Governo do Estado e n\u00e3o vai dar ponto facultativo nos dias de Carnaval. A decis\u00e3o foi confirmada pelo prefeito Manass\u00e9s Souza com a publica\u00e7\u00e3o da medida no di\u00e1rio oficial.<\/p>\n<p>Com a decis\u00e3o do prefeito Manass\u00e9s Souza, os pr\u00f3ximos dias 15, 16 e 17, segunda e ter\u00e7a de Carnaval e Quarta-feira de Cinzas, que tradicionalmente s\u00e3o dias de ponto facultativo no poder p\u00fablico municipal, ser\u00e3o dias de expediente normal nas reparti\u00e7\u00f5es da prefeitura.<\/p>\n<p>&nbsp;<\/p>\n","protected":false},"excerpt":{"rendered":"<p>A Prefeitura Municipal de Mara\u00fa seguir\u00e1 o decreto do Governo do Estado e n\u00e3o vai dar ponto facultativo nos dias de Carnaval. A decis\u00e3o foi confirmada pelo prefeito Manass\u00e9s Souza com a publica\u00e7\u00e3o da medida no di\u00e1rio oficial. Com a decis\u00e3o do prefeito Manass\u00e9s Souza, os pr\u00f3ximos dias 15, 16 e 17, segunda e ter\u00e7a de Carnaval e Quarta-feira de Cinzas, que tradicionalmente s\u00e3o dias de ponto facultativo no poder p\u00fablico municipal, ser\u00e3o dias de expediente normal nas reparti\u00e7\u00f5es da prefeitura. &nbsp;<\/p>\n","protected":false},"author":2,"featured_media":127236,"comment_status":"open","ping_status":"closed","sticky":false,"template":"","format":"standard","meta":[],"categories":[27],"tags":[3688],"_links":{"self":[{"href":"https:\/\/www.barragrande24horas.com.br\/v1\/wp-json\/wp\/v2\/posts\/127235"}],"collection":[{"href":"https:\/\/www.barragrande24horas.com.br\/v1\/wp-json\/wp\/v2\/posts"}],"about":[{"href":"https:\/\/www.barragrande24horas.com.br\/v1\/wp-json\/wp\/v2\/types\/post"}],"author":[{"embeddable":true,"href":"https:\/\/www.barragrande24horas.com.br\/v1\/wp-json\/wp\/v2\/users\/2"}],"replies":[{"embeddable":true,"href":"https:\/\/www.barragrande24horas.com.br\/v1\/wp-json\/wp\/v2\/comments?post=127235"}],"version-history":[{"count":1,"href":"https:\/\/www.barragrande24horas.com.br\/v1\/wp-json\/wp\/v2\/posts\/127235\/revisions"}],"predecessor-version":[{"id":127237,"href":"https:\/\/www.barragrande24horas.com.br\/v1\/wp-json\/wp\/v2\/posts\/127235\/revisions\/127237"}],"wp:featuredmedia":[{"embeddable":true,"href":"https:\/\/www.barragrande24horas.com.br\/v1\/wp-json\/wp\/v2\/media\/127236"}],"wp:attachment":[{"href":"https:\/\/www.barragrande24horas.com.br\/v1\/wp-json\/wp\/v2\/media?parent=127235"}],"wp:term":[{"taxonomy":"category","embeddable":true,"href":"https:\/\/www.barragrande24horas.com.br\/v1\/wp-json\/wp\/v2\/categories?post=127235"},{"taxonomy":"post_tag","embeddable":true,"href":"https:\/\/www.barragrande24horas.com.br\/v1\/wp-json\/wp\/v2\/tags?post=127235"}],"curies":[{"name":"wp","href":"https:\/\/api.w.org\/{rel}","templated":true}]}}