{"id":127229,"date":"2021-02-09T18:34:07","date_gmt":"2021-02-09T21:34:07","guid":{"rendered":"http:\/\/www.barragrande24horas.com.br\/v1\/?p=127229"},"modified":"2021-02-09T18:34:08","modified_gmt":"2021-02-09T21:34:08","slug":"ilheus-e-itabuna-tem-apenas-um-leito-de-uti-disponivel-para-tratamento-contra-o-covid-19","status":"publish","type":"post","link":"https:\/\/www.barragrande24horas.com.br\/v1\/2021\/02\/09\/ilheus-e-itabuna-tem-apenas-um-leito-de-uti-disponivel-para-tratamento-contra-o-covid-19\/","title":{"rendered":"Ilh\u00e9us e Itabuna t\u00eam apenas um leito de UTI dispon\u00edvel para tratamento contra o Covid-19"},"content":{"rendered":"<div class=\"mc-column content-text active-extra-styles \" data-block-type=\"unstyled\" data-block-weight=\"38\" data-block-id=\"2\">\n<p><img loading=\"lazy\" class=\"aligncenter wp-image-127230 \" src=\"http:\/\/www.barragrande24horas.com.br\/v1\/wp-content\/uploads\/2021\/02\/Hospital-costa-do-cacau-588x392.jpg\" alt=\"\" width=\"569\" height=\"379\" srcset=\"https:\/\/www.barragrande24horas.com.br\/v1\/wp-content\/uploads\/2021\/02\/Hospital-costa-do-cacau-588x392.jpg 588w, https:\/\/www.barragrande24horas.com.br\/v1\/wp-content\/uploads\/2021\/02\/Hospital-costa-do-cacau-588x392-450x300.jpg 450w\" sizes=\"(max-width: 569px) 100vw, 569px\" \/><\/p>\n<p>Com quase 100% dos leitos de Unidade de Terapia Intensiva ocupados em Ilh\u00e9us e em Itabuna, a Secretaria Estadual de Sa\u00fade (Sesab) informou, nesta manh\u00e3 (9), que ser\u00e3o abertos mais 20 leitos de UTI no Centro Covid-19 do Centro de Conven\u00e7\u00f5es de Ilh\u00e9us, na Avenida Soares Lopes. O an\u00fancio foi feito pelo titular da Sesab, F\u00e1bio Vilas-Boas.<\/p>\n<p>O secret\u00e1rio estadual disse ter conversado com o prefeito M\u00e1rio Alexandre, Mar\u00e3o, de Ilh\u00e9us, e confirmou a abertura de novos leitos diante da nova expans\u00e3o de casos e da superlota\u00e7\u00e3o das UTIs nos dois munic\u00edpios. O secret\u00e1rio fez alerta para a gravidade e o avan\u00e7o da doen\u00e7a nesta nova onda. O Laborat\u00f3rio Central da Bahia (Lacen) j\u00e1 confirmou mais de 10 casos de variante do v\u00edrus origin\u00e1rio de Manaus, que \u00e9 mais agressivo e contamina com maior facilidade.<\/p>\n<\/div>\n<div class=\"wall protected-content\">\n<div class=\"mc-column content-text active-extra-styles \" data-block-type=\"unstyled\" data-block-weight=\"78\" data-block-id=\"4\">\n<p class=\"content-text__container \" data-track-category=\"Link no Texto\" data-track-links=\"\">&#8220;Itabuna e Ilh\u00e9us est\u00e3o na regi\u00e3o sul, junto com Jequi\u00e9, Valen\u00e7a e uma s\u00e9rie de cidades ali. Essa regi\u00e3o perfaz hoje 115 leitos de UTI, dos quais 95% est\u00e3o ocupados. Por tanto, na verdade, temos 20 leitos na regi\u00e3o. N\u00f3s temos uma taxa de ocupa\u00e7\u00e3o de 83%. \u00c9 a segunda regi\u00e3o com maior taxa de ocupa\u00e7\u00e3o, perde apenas para o sudoeste, que \u00e9 a regi\u00e3o de Vit\u00f3ria da Conquista, Guanambi, Bom Jesus da Lapa, que est\u00e1 com 90%&#8221;.<\/p>\n<p>Segundo o titular da Sesab, a ocupa\u00e7\u00e3o de leitos de terapia intensiva atingiu 83% nesta manh\u00e3 de ter\u00e7a. \u201cEstou apenas aguardando ele\u00a0<em>[Mar\u00e3o, para abrir os novos leitos]<\/em>. Isso vai ajudar a regi\u00e3o a respirar com mais tranquilidade\u201d, disse Vilas-Boas. Havia d\u00favida se seriam leitos de terapia intensiva, mas a Sesab confirmou ao <strong>PIMENTA<\/strong> que, sim, ser\u00e3o leitos de UTI.<\/p>\n<div class=\"addtoany_share_save_container addtoany_content addtoany_content_bottom\">\n<div class=\"a2a_kit a2a_kit_size_32 addtoany_list\" data-a2a-url=\"https:\/\/www.pimenta.blog.br\/2021\/02\/09\/sul-da-bahia-tera-mais-20-leitos-de-uti-covid-19-ocupacao-em-ilheus-e-itabuna-atinge-100\/\" data-a2a-title=\"SUL DA BAHIA TER\u00c1 MAIS 20 LEITOS DE UTI COVID-19; OCUPA\u00c7\u00c3O EM ILH\u00c9US E ITABUNA ATINGE 100%\"><\/div>\n<\/div>\n<\/div>\n<div class=\"mc-column content-text active-extra-styles \" data-block-type=\"unstyled\" data-block-weight=\"28\" data-block-id=\"5\">\n<div class=\"content-ads content-ads--reveal\" data-block-type=\"ads\" data-block-id=\"7\">\n<div id=\"banner_materia2\" class=\"tag-manager-publicidade-container mc-has-reveal mc-has-ad-lazyload tag-manager-publicidade-banner_materia2 tag-manager-publicidade-container--carregado tag-manager-publicidade-container--visivel\" data-id=\"banner_materia2\" data-req=\"true\" data-google-query-id=\"CIyUiLTe3e4CFdEzuQYdnbAB6g\" data-cid=\"138338292914\" data-lid=\"5603182001\"><\/div>\n<\/div>\n<\/div>\n<\/div>\n","protected":false},"excerpt":{"rendered":"<p>Com quase 100% dos leitos de Unidade de Terapia Intensiva ocupados em Ilh\u00e9us e em Itabuna, a Secretaria Estadual de Sa\u00fade (Sesab) informou, nesta manh\u00e3 (9), que ser\u00e3o abertos mais 20 leitos de UTI no Centro Covid-19 do Centro de Conven\u00e7\u00f5es de Ilh\u00e9us, na Avenida Soares Lopes. O an\u00fancio foi feito pelo titular da Sesab, F\u00e1bio Vilas-Boas. O secret\u00e1rio estadual disse ter conversado com o prefeito M\u00e1rio Alexandre, Mar\u00e3o, de Ilh\u00e9us, e confirmou a abertura de novos leitos diante da nova expans\u00e3o de casos e da superlota\u00e7\u00e3o das UTIs nos dois munic\u00edpios. O secret\u00e1rio fez alerta para a gravidade e [&hellip;]<\/p>\n","protected":false},"author":2,"featured_media":127230,"comment_status":"open","ping_status":"closed","sticky":false,"template":"","format":"standard","meta":[],"categories":[8,29],"tags":[3687],"_links":{"self":[{"href":"https:\/\/www.barragrande24horas.com.br\/v1\/wp-json\/wp\/v2\/posts\/127229"}],"collection":[{"href":"https:\/\/www.barragrande24horas.com.br\/v1\/wp-json\/wp\/v2\/posts"}],"about":[{"href":"https:\/\/www.barragrande24horas.com.br\/v1\/wp-json\/wp\/v2\/types\/post"}],"author":[{"embeddable":true,"href":"https:\/\/www.barragrande24horas.com.br\/v1\/wp-json\/wp\/v2\/users\/2"}],"replies":[{"embeddable":true,"href":"https:\/\/www.barragrande24horas.com.br\/v1\/wp-json\/wp\/v2\/comments?post=127229"}],"version-history":[{"count":1,"href":"https:\/\/www.barragrande24horas.com.br\/v1\/wp-json\/wp\/v2\/posts\/127229\/revisions"}],"predecessor-version":[{"id":127231,"href":"https:\/\/www.barragrande24horas.com.br\/v1\/wp-json\/wp\/v2\/posts\/127229\/revisions\/127231"}],"wp:featuredmedia":[{"embeddable":true,"href":"https:\/\/www.barragrande24horas.com.br\/v1\/wp-json\/wp\/v2\/media\/127230"}],"wp:attachment":[{"href":"https:\/\/www.barragrande24horas.com.br\/v1\/wp-json\/wp\/v2\/media?parent=127229"}],"wp:term":[{"taxonomy":"category","embeddable":true,"href":"https:\/\/www.barragrande24horas.com.br\/v1\/wp-json\/wp\/v2\/categories?post=127229"},{"taxonomy":"post_tag","embeddable":true,"href":"https:\/\/www.barragrande24horas.com.br\/v1\/wp-json\/wp\/v2\/tags?post=127229"}],"curies":[{"name":"wp","href":"https:\/\/api.w.org\/{rel}","templated":true}]}}