{"id":127198,"date":"2021-02-03T20:12:30","date_gmt":"2021-02-03T23:12:30","guid":{"rendered":"http:\/\/www.barragrande24horas.com.br\/v1\/?p=127198"},"modified":"2021-02-03T20:12:30","modified_gmt":"2021-02-03T23:12:30","slug":"prefeitura-de-marau-inicia-vacinacao-contra-covid-19-em-idosos-a-partir-de-90-anos","status":"publish","type":"post","link":"https:\/\/www.barragrande24horas.com.br\/v1\/2021\/02\/03\/prefeitura-de-marau-inicia-vacinacao-contra-covid-19-em-idosos-a-partir-de-90-anos\/","title":{"rendered":"PREFEITURA DE MARA\u00da INICIA VACINA\u00c7\u00c3O CONTRA COVID-19 EM IDOSOS A PARTIR DE 90 ANOS"},"content":{"rendered":"<div class=\"\" data-block=\"true\" data-editor=\"958mp\" data-offset-key=\"51aa8-0-0\">\n<div class=\"_1mf _1mj\" data-offset-key=\"51aa8-0-0\"><img loading=\"lazy\" class=\"aligncenter wp-image-127200 \" src=\"http:\/\/www.barragrande24horas.com.br\/v1\/wp-content\/uploads\/2021\/02\/WhatsApp-Image-2021-02-02-at-19.43.44.jpeg\" alt=\"\" width=\"592\" height=\"593\" srcset=\"https:\/\/www.barragrande24horas.com.br\/v1\/wp-content\/uploads\/2021\/02\/WhatsApp-Image-2021-02-02-at-19.43.44.jpeg 750w, https:\/\/www.barragrande24horas.com.br\/v1\/wp-content\/uploads\/2021\/02\/WhatsApp-Image-2021-02-02-at-19.43.44-300x300.jpeg 300w\" sizes=\"(max-width: 592px) 100vw, 592px\" \/><\/div>\n<\/div>\n<div class=\"\" data-block=\"true\" data-editor=\"958mp\" data-offset-key=\"8n7vc-0-0\">\n<div class=\"_1mf _1mj\" data-offset-key=\"8n7vc-0-0\"><span data-offset-key=\"8n7vc-0-0\">\u00a0<\/span><\/div>\n<\/div>\n<div class=\"\" data-block=\"true\" data-editor=\"958mp\" data-offset-key=\"18pos-0-0\">\n<div class=\"_1mf _1mj\" data-offset-key=\"18pos-0-0\"><span data-offset-key=\"18pos-0-0\">A Prefeitura de Mara\u00fa iniciou, nesta quarta-feira (03), a vacina\u00e7\u00e3o em idosos contra a Covid-19, seguindo o cronograma dos grupos priorit\u00e1rios. Desta vez os beneficiados com a vacina foram os idosos que fazem parte do grupo com 90 ou mais anos de idade. Para a campanha, a Secretaria Municipal de Sa\u00fade definiu que o atendimento ser\u00e1 feito, a princ\u00edpio, nas resid\u00eancias dos idosos visando evitar a forma\u00e7\u00e3o de filas, aglomera\u00e7\u00f5es e riscos \u00e0 sa\u00fade do grupo de risco.<\/span><\/div>\n<\/div>\n<div class=\"\" data-block=\"true\" data-editor=\"958mp\" data-offset-key=\"cjg8i-0-0\">\n<div class=\"_1mf _1mj\" data-offset-key=\"cjg8i-0-0\"><span data-offset-key=\"cjg8i-0-0\">\u00a0<\/span><\/div>\n<\/div>\n<div class=\"\" data-block=\"true\" data-editor=\"958mp\" data-offset-key=\"amssa-0-0\">\n<div class=\"_1mf _1mj\" data-offset-key=\"amssa-0-0\"><span data-offset-key=\"amssa-0-0\">Nesse primeiro momento, Mara\u00fa foi contemplado com 60 doses da coronavac, onde foram vacinados os 05 idosos do povoado de Saqua\u00edra. A vacina\u00e7\u00e3o ocorreu de maneira domiciliar.<\/span><\/div>\n<\/div>\n<div class=\"\" data-block=\"true\" data-editor=\"958mp\" data-offset-key=\"6rumo-0-0\">\n<div class=\"_1mf _1mj\" data-offset-key=\"6rumo-0-0\"><span data-offset-key=\"6rumo-0-0\">\u00a0<\/span><\/div>\n<\/div>\n<div class=\"\" data-block=\"true\" data-editor=\"958mp\" data-offset-key=\"baioq-0-0\">\n<div class=\"_1mf _1mj\" data-offset-key=\"baioq-0-0\"><span data-offset-key=\"baioq-0-0\">Neste primeiro momento, em virtude, do baixo quantitativo de vacinas, a prioridade ser\u00e1 os idosos acima de 90 anos, que est\u00e3o em maior situa\u00e7\u00e3o de vulnerabilidade. Todos ser\u00e3o atendidos, de maneira gradativa, e receber\u00e3o uma equipe da secretaria de sa\u00fade em suas casas.\u00a0<\/span><\/div>\n<\/div>\n<div class=\"\" data-block=\"true\" data-editor=\"958mp\" data-offset-key=\"af61k-0-0\">\n<div class=\"_1mf _1mj\" data-offset-key=\"af61k-0-0\"><span data-offset-key=\"af61k-0-0\">\u00a0<\/span><\/div>\n<\/div>\n<div class=\"\" data-block=\"true\" data-editor=\"958mp\" data-offset-key=\"5isk6-0-0\">\n<div class=\"_1mf _1mj\" data-offset-key=\"5isk6-0-0\"><span data-offset-key=\"5isk6-0-0\">A orienta\u00e7\u00e3o \u00e9 para que os respons\u00e1veis pelos idosos procurem as unidades de sa\u00fade para agendar a vacina\u00e7\u00e3o ou procurar um agente comunt\u00e1rio de sa\u00fade que atenda em sua regi\u00e3o. No posto de sa\u00fade de Barra Grande, a vacina\u00e7\u00e3o pode ser agendada atrav\u00e9s do what&#8217;sapp (73) 9\u00a08190-1725.<\/span><\/div>\n<\/div>\n<div class=\"\" data-block=\"true\" data-editor=\"958mp\" data-offset-key=\"8jk34-0-0\">\n<div class=\"_1mf _1mj\" data-offset-key=\"8jk34-0-0\"><span data-offset-key=\"8jk34-0-0\">\u00a0<\/span><\/div>\n<\/div>\n<div class=\"\" data-block=\"true\" data-editor=\"958mp\" data-offset-key=\"ctu4c-0-0\">\n<div class=\"_1mf _1mj\" style=\"text-align: center;\" data-offset-key=\"ctu4c-0-0\"><strong>ASCOM &#8211; Prefeitura de Mara\u00fa<\/strong><\/div>\n<\/div>\n<div class=\"\" data-block=\"true\" data-editor=\"958mp\" data-offset-key=\"78g18-0-0\">\n<div class=\"_1mf _1mj\" data-offset-key=\"78g18-0-0\"><span data-offset-key=\"78g18-0-0\">\u00a0<\/span><\/div>\n<\/div>\n<div class=\"\" data-block=\"true\" data-editor=\"958mp\" data-offset-key=\"2oaq6-0-0\">\n<div class=\"_1mf _1mj\" data-offset-key=\"2oaq6-0-0\"><span data-offset-key=\"2oaq6-0-0\">\u00a0<\/span><\/div>\n<\/div>\n<div class=\"\" data-block=\"true\" data-editor=\"958mp\" data-offset-key=\"5tuss-0-0\">\n<div class=\"_1mf _1mj\" data-offset-key=\"5tuss-0-0\"><span data-offset-key=\"5tuss-0-0\">\u00a0<\/span><\/div>\n<\/div>\n<div class=\"\" data-block=\"true\" data-editor=\"958mp\" data-offset-key=\"eflbn-0-0\"><\/div>\n","protected":false},"excerpt":{"rendered":"<p>\u00a0 A Prefeitura de Mara\u00fa iniciou, nesta quarta-feira (03), a vacina\u00e7\u00e3o em idosos contra a Covid-19, seguindo o cronograma dos grupos priorit\u00e1rios. Desta vez os beneficiados com a vacina foram os idosos que fazem parte do grupo com 90 ou mais anos de idade. Para a campanha, a Secretaria Municipal de Sa\u00fade definiu que o atendimento ser\u00e1 feito, a princ\u00edpio, nas resid\u00eancias dos idosos visando evitar a forma\u00e7\u00e3o de filas, aglomera\u00e7\u00f5es e riscos \u00e0 sa\u00fade do grupo de risco. \u00a0 Nesse primeiro momento, Mara\u00fa foi contemplado com 60 doses da coronavac, onde foram vacinados os 05 idosos do povoado de [&hellip;]<\/p>\n","protected":false},"author":2,"featured_media":127200,"comment_status":"open","ping_status":"closed","sticky":false,"template":"","format":"standard","meta":[],"categories":[27],"tags":[3679],"_links":{"self":[{"href":"https:\/\/www.barragrande24horas.com.br\/v1\/wp-json\/wp\/v2\/posts\/127198"}],"collection":[{"href":"https:\/\/www.barragrande24horas.com.br\/v1\/wp-json\/wp\/v2\/posts"}],"about":[{"href":"https:\/\/www.barragrande24horas.com.br\/v1\/wp-json\/wp\/v2\/types\/post"}],"author":[{"embeddable":true,"href":"https:\/\/www.barragrande24horas.com.br\/v1\/wp-json\/wp\/v2\/users\/2"}],"replies":[{"embeddable":true,"href":"https:\/\/www.barragrande24horas.com.br\/v1\/wp-json\/wp\/v2\/comments?post=127198"}],"version-history":[{"count":2,"href":"https:\/\/www.barragrande24horas.com.br\/v1\/wp-json\/wp\/v2\/posts\/127198\/revisions"}],"predecessor-version":[{"id":127201,"href":"https:\/\/www.barragrande24horas.com.br\/v1\/wp-json\/wp\/v2\/posts\/127198\/revisions\/127201"}],"wp:featuredmedia":[{"embeddable":true,"href":"https:\/\/www.barragrande24horas.com.br\/v1\/wp-json\/wp\/v2\/media\/127200"}],"wp:attachment":[{"href":"https:\/\/www.barragrande24horas.com.br\/v1\/wp-json\/wp\/v2\/media?parent=127198"}],"wp:term":[{"taxonomy":"category","embeddable":true,"href":"https:\/\/www.barragrande24horas.com.br\/v1\/wp-json\/wp\/v2\/categories?post=127198"},{"taxonomy":"post_tag","embeddable":true,"href":"https:\/\/www.barragrande24horas.com.br\/v1\/wp-json\/wp\/v2\/tags?post=127198"}],"curies":[{"name":"wp","href":"https:\/\/api.w.org\/{rel}","templated":true}]}}