{"id":127190,"date":"2021-02-03T15:25:50","date_gmt":"2021-02-03T18:25:50","guid":{"rendered":"http:\/\/www.barragrande24horas.com.br\/v1\/?p=127190"},"modified":"2021-02-03T15:25:50","modified_gmt":"2021-02-03T18:25:50","slug":"bahia-governador-rui-costa-confirma-volta-as-aulas-antes-da-vacinacao-da-maioria-da-populacao","status":"publish","type":"post","link":"https:\/\/www.barragrande24horas.com.br\/v1\/2021\/02\/03\/bahia-governador-rui-costa-confirma-volta-as-aulas-antes-da-vacinacao-da-maioria-da-populacao\/","title":{"rendered":"BAHIA: GOVERNADOR RUI COSTA CONFIRMA VOLTA \u00c0S AULAS ANTES DA VACINA\u00c7\u00c3O DA MAIORIA DA POPULA\u00c7\u00c3O"},"content":{"rendered":"<p><img loading=\"lazy\" class=\"size-medium wp-image-124705 aligncenter\" src=\"http:\/\/www.barragrande24horas.com.br\/v1\/wp-content\/uploads\/2020\/07\/csm_rui_costa_fernando_vivas_govba_33982d13fe-450x300.jpeg\" alt=\"\" width=\"450\" height=\"300\" srcset=\"https:\/\/www.barragrande24horas.com.br\/v1\/wp-content\/uploads\/2020\/07\/csm_rui_costa_fernando_vivas_govba_33982d13fe-450x300.jpeg 450w, https:\/\/www.barragrande24horas.com.br\/v1\/wp-content\/uploads\/2020\/07\/csm_rui_costa_fernando_vivas_govba_33982d13fe.jpeg 730w\" sizes=\"(max-width: 450px) 100vw, 450px\" \/><\/p>\n<p>O governador da Bahia, Rui Costa, anunciou hoje (3), em seu perfil no Twitter, que as aulas voltar\u00e3o antes da maioria da popula\u00e7\u00e3o ser vacinada. No entanto, ele afirma que, por conta da situa\u00e7\u00e3o da pandemia no estado, n\u00e3o pode ainda estabelecer uma data. A administra\u00e7\u00e3o estadual vai solicitar ao Supremo Tribunal Federal (STF) a prioridade de professores na vacina\u00e7\u00e3o.<\/p>\n<p>&#8220;Vamos voltar \u00e0s aulas, sim&#8221;, afirmou o gestor. &#8220;A retomada das atividades escolares acontecer\u00e1 antes da maioria da popula\u00e7\u00e3o ser vacinada, mas n\u00e3o podemos ser irrespons\u00e1veis em estabelecer uma data enquanto a ocupa\u00e7\u00e3o de leitos e o n\u00famero de mortes se mantiver nos n\u00edveis atuais&#8221;, explicou.<\/p>\n<p>A Bahia registrou ontem (2)\u00a0<a href=\"https:\/\/www.metro1.com.br\/noticias\/bahia\/102947,bahia-registra-40-obitos-e-3536-novos-casos-de-coronavirus-em-24h\" target=\"_blank\" rel=\"noopener\">67% de ocupa\u00e7\u00e3o de leitos de Unidade de Tratamento Intensivo (UTI) e 40 \u00f3bitos em 24 horas<\/a>, segundo dados da Secretaria de Sa\u00fade do Estado (Sesab).<\/p>\n<p>&#8220;Vamos ao STF para pedir que os professores sejam considerados p\u00fablico priorit\u00e1rio na vacina\u00e7\u00e3o&#8221;, afirmou o gestor. Por enquanto, de acordo com o Plano de Vacina\u00e7\u00e3o contra a Covid-19 no estado, os trabalhadores da educa\u00e7\u00e3o fazem parte da \u00faltima fase priorit\u00e1ria da imuniza\u00e7\u00e3o, mesmo sem uma defini\u00e7\u00e3o do tipo no plano de vacina\u00e7\u00e3o nacional.<\/p>\n<p>O dirigente destacou que as escolas j\u00e1 est\u00e3o sendo preparadas para receber os alunos com seguran\u00e7a\u00a0<span class=\"css-901oao css-16my406 r-poiln3 r-bcqeeo r-qvutc0\">e condi\u00e7\u00f5es sanit\u00e1rias\u00a0<\/span>assim que o retorno for permitido. &#8220;Estamos preparando as escolas com mais pias, \u00e1lcool em gel e equipamentos de prote\u00e7\u00e3o. J\u00e1 fizemos um plano de altern\u00e2ncia de turnos de aulas para evitar a lota\u00e7\u00e3o das salas&#8221;, informou.<\/p>\n<p>&#8220;N\u00e3o podemos admitir outro ano sem aula e comprometer o futuro, os sonhos e os planos de milhares de estudantes&#8221;, concluiu Rui Costa.<\/p>\n","protected":false},"excerpt":{"rendered":"<p>O governador da Bahia, Rui Costa, anunciou hoje (3), em seu perfil no Twitter, que as aulas voltar\u00e3o antes da maioria da popula\u00e7\u00e3o ser vacinada. No entanto, ele afirma que, por conta da situa\u00e7\u00e3o da pandemia no estado, n\u00e3o pode ainda estabelecer uma data. A administra\u00e7\u00e3o estadual vai solicitar ao Supremo Tribunal Federal (STF) a prioridade de professores na vacina\u00e7\u00e3o. &#8220;Vamos voltar \u00e0s aulas, sim&#8221;, afirmou o gestor. &#8220;A retomada das atividades escolares acontecer\u00e1 antes da maioria da popula\u00e7\u00e3o ser vacinada, mas n\u00e3o podemos ser irrespons\u00e1veis em estabelecer uma data enquanto a ocupa\u00e7\u00e3o de leitos e o n\u00famero de mortes [&hellip;]<\/p>\n","protected":false},"author":2,"featured_media":124705,"comment_status":"open","ping_status":"closed","sticky":false,"template":"","format":"standard","meta":[],"categories":[8],"tags":[3675],"_links":{"self":[{"href":"https:\/\/www.barragrande24horas.com.br\/v1\/wp-json\/wp\/v2\/posts\/127190"}],"collection":[{"href":"https:\/\/www.barragrande24horas.com.br\/v1\/wp-json\/wp\/v2\/posts"}],"about":[{"href":"https:\/\/www.barragrande24horas.com.br\/v1\/wp-json\/wp\/v2\/types\/post"}],"author":[{"embeddable":true,"href":"https:\/\/www.barragrande24horas.com.br\/v1\/wp-json\/wp\/v2\/users\/2"}],"replies":[{"embeddable":true,"href":"https:\/\/www.barragrande24horas.com.br\/v1\/wp-json\/wp\/v2\/comments?post=127190"}],"version-history":[{"count":1,"href":"https:\/\/www.barragrande24horas.com.br\/v1\/wp-json\/wp\/v2\/posts\/127190\/revisions"}],"predecessor-version":[{"id":127191,"href":"https:\/\/www.barragrande24horas.com.br\/v1\/wp-json\/wp\/v2\/posts\/127190\/revisions\/127191"}],"wp:featuredmedia":[{"embeddable":true,"href":"https:\/\/www.barragrande24horas.com.br\/v1\/wp-json\/wp\/v2\/media\/124705"}],"wp:attachment":[{"href":"https:\/\/www.barragrande24horas.com.br\/v1\/wp-json\/wp\/v2\/media?parent=127190"}],"wp:term":[{"taxonomy":"category","embeddable":true,"href":"https:\/\/www.barragrande24horas.com.br\/v1\/wp-json\/wp\/v2\/categories?post=127190"},{"taxonomy":"post_tag","embeddable":true,"href":"https:\/\/www.barragrande24horas.com.br\/v1\/wp-json\/wp\/v2\/tags?post=127190"}],"curies":[{"name":"wp","href":"https:\/\/api.w.org\/{rel}","templated":true}]}}