{"id":126953,"date":"2021-01-07T17:46:10","date_gmt":"2021-01-07T20:46:10","guid":{"rendered":"http:\/\/www.barragrande24horas.com.br\/v1\/?p=126953"},"modified":"2021-01-07T17:46:10","modified_gmt":"2021-01-07T20:46:10","slug":"rui-costa-estima-inicio-de-vacinacao-contra-a-covid-19-na-ba-em-no-maximo-30-dias","status":"publish","type":"post","link":"https:\/\/www.barragrande24horas.com.br\/v1\/2021\/01\/07\/rui-costa-estima-inicio-de-vacinacao-contra-a-covid-19-na-ba-em-no-maximo-30-dias\/","title":{"rendered":"Rui Costa estima in\u00edcio de vacina\u00e7\u00e3o contra a Covid-19 na BA em no m\u00e1ximo 30 dias"},"content":{"rendered":"<p><img loading=\"lazy\" class=\"size-medium wp-image-126539 aligncenter\" src=\"http:\/\/www.barragrande24horas.com.br\/v1\/wp-content\/uploads\/2020\/12\/IMAGEM_NOTICIA_1-469x300.jpg\" alt=\"\" width=\"469\" height=\"300\" srcset=\"https:\/\/www.barragrande24horas.com.br\/v1\/wp-content\/uploads\/2020\/12\/IMAGEM_NOTICIA_1-469x300.jpg 469w, https:\/\/www.barragrande24horas.com.br\/v1\/wp-content\/uploads\/2020\/12\/IMAGEM_NOTICIA_1-768x491.jpg 768w, https:\/\/www.barragrande24horas.com.br\/v1\/wp-content\/uploads\/2020\/12\/IMAGEM_NOTICIA_1.jpg 860w\" sizes=\"(max-width: 469px) 100vw, 469px\" \/><\/p>\n<p>O governador da Bahia, Rui Costa, disse nesta quinta-feira (7) que prev\u00ea iniciar a vacina\u00e7\u00e3o contra a Covid-19 no estado dentro de no m\u00e1ximo 30 dias. No entanto, o governo estadual n\u00e3o divulgou detalhes sobre um plano de imuniza\u00e7\u00e3o contra a Covid-19, como data do come\u00e7o da campanha e locais da campanha.<\/p>\n<p>&#8220;J\u00e1 estamos preparados. Conseguimos fazer a aquisi\u00e7\u00e3o das seringas e dos refrigeradores. S\u00f3 estamos esperando a libera\u00e7\u00e3o da vacina para iniciar a imuniza\u00e7\u00e3o\u201d, disse o governador da Bahia.<\/p>\n<div class=\"mc-column content-text active-extra-styles \" data-block-type=\"unstyled\" data-block-weight=\"53\" data-block-id=\"4\">\n<p class=\"content-text__container \" data-track-category=\"Link no Texto\" data-track-links=\"\">Ao\u00a0<strong>G1<\/strong>, a assessoria do governo da Bahia contou que o Estado\u00a0<span class=\"highlight highlighted\">tem acordo com a vacina contra a Covid-19 &#8220;Sputinik V&#8221; para compra de 50 milh\u00f5es de doses, se for preciso<\/span>. Entretanto, o \u00f3rg\u00e3o ressaltou que se o Governo Federal garantir as vacinas para imuniza\u00e7\u00e3o dos baianos, n\u00e3o ser\u00e1 necess\u00e1rio a compra.<\/p>\n<\/div>\n<div class=\"mc-column content-text active-extra-styles \" data-block-type=\"unstyled\" data-block-weight=\"52\" data-block-id=\"5\">\n<p class=\"content-text__container \" data-track-category=\"Link no Texto\" data-track-links=\"\">Na quarta-feira (6),\u00a0<a href=\"https:\/\/g1.globo.com\/bemestar\/vacina\/noticia\/2021\/01\/06\/pazuello-diz-na-tv-que-vacinacao-contra-covid-comeca-neste-mes-e-que-brasil-exportara-vacinas.ghtml\">o ministro da Sa\u00fade, Eduardo Pazuello, afirmou que a vacina\u00e7\u00e3o contra a Covid-19 no Brasil come\u00e7ar\u00e1 em janeiro<\/a>\u00a0e que o pa\u00eds exportar\u00e1 vacina para pa\u00edses da Am\u00e9rica Latina, mas isso depende de alguma vacina ser autorizada pela Ag\u00eancia Nacional de Vigil\u00e2ncia Sanit\u00e1ria (Anvisa),\u00a0<span class=\"highlight\">o que ainda n\u00e3o aconteceu<\/span>.<\/p>\n<div class=\"mc-column content-text active-extra-styles \" data-block-type=\"unstyled\" data-block-weight=\"26\" data-block-id=\"8\">\n<p class=\"content-text__container \" data-track-category=\"Link no Texto\" data-track-links=\"\">Segundo Rui Costa,\u00a0<span class=\"highlight highlighted\">os profissionais das \u00e1reas de sa\u00fade e da seguran\u00e7a, al\u00e9m dos mais vulner\u00e1veis, como os idosos, ser\u00e3o as prioridades no in\u00edcio da vacina\u00e7\u00e3o<\/span>.<\/p>\n<\/div>\n<div class=\"mc-column content-text active-extra-styles \" data-block-type=\"unstyled\" data-block-weight=\"44\" data-block-id=\"9\">\n<p class=\"content-text__container \" data-track-category=\"Link no Texto\" data-track-links=\"\">Em dezembro do ano passado, o\u00a0<a href=\"https:\/\/g1.globo.com\/ba\/bahia\/noticia\/2020\/12\/09\/rui-costa-anuncia-compra-de-seringas-para-vacinacao-contra-a-covid-19-na-bahia.ghtml\">Rui Costa anunciou que comprou 19,8 milh\u00f5es de seringas e agulhas<\/a>. Nesta quinta, o governo da Bahia afirmou que j\u00e1 concluiu a licita\u00e7\u00e3o para compra de at\u00e9 100 ultrarrefrigeradores capazes de armazenar vacinas a temperaturas inferiores a -70\u00baC.<\/p>\n<\/div>\n<div class=\"mc-column content-text active-extra-styles \" data-block-type=\"unstyled\" data-block-weight=\"27\" data-block-id=\"10\">\n<p class=\"content-text__container \" data-track-category=\"Link no Texto\" data-track-links=\"\">Durante pronunciamento \u00e0 noite em rede nacional de televis\u00e3o, o ministro disse que o governo disp\u00f5e de quantidade de seringas e agulhas suficiente para iniciar a vacina\u00e7\u00e3o.<\/p>\n<\/div>\n<\/div>\n","protected":false},"excerpt":{"rendered":"<p>O governador da Bahia, Rui Costa, disse nesta quinta-feira (7) que prev\u00ea iniciar a vacina\u00e7\u00e3o contra a Covid-19 no estado dentro de no m\u00e1ximo 30 dias. No entanto, o governo estadual n\u00e3o divulgou detalhes sobre um plano de imuniza\u00e7\u00e3o contra a Covid-19, como data do come\u00e7o da campanha e locais da campanha. &#8220;J\u00e1 estamos preparados. Conseguimos fazer a aquisi\u00e7\u00e3o das seringas e dos refrigeradores. S\u00f3 estamos esperando a libera\u00e7\u00e3o da vacina para iniciar a imuniza\u00e7\u00e3o\u201d, disse o governador da Bahia. Ao\u00a0G1, a assessoria do governo da Bahia contou que o Estado\u00a0tem acordo com a vacina contra a Covid-19 &#8220;Sputinik V&#8221; [&hellip;]<\/p>\n","protected":false},"author":2,"featured_media":122801,"comment_status":"open","ping_status":"closed","sticky":false,"template":"","format":"standard","meta":[],"categories":[8],"tags":[3615],"_links":{"self":[{"href":"https:\/\/www.barragrande24horas.com.br\/v1\/wp-json\/wp\/v2\/posts\/126953"}],"collection":[{"href":"https:\/\/www.barragrande24horas.com.br\/v1\/wp-json\/wp\/v2\/posts"}],"about":[{"href":"https:\/\/www.barragrande24horas.com.br\/v1\/wp-json\/wp\/v2\/types\/post"}],"author":[{"embeddable":true,"href":"https:\/\/www.barragrande24horas.com.br\/v1\/wp-json\/wp\/v2\/users\/2"}],"replies":[{"embeddable":true,"href":"https:\/\/www.barragrande24horas.com.br\/v1\/wp-json\/wp\/v2\/comments?post=126953"}],"version-history":[{"count":1,"href":"https:\/\/www.barragrande24horas.com.br\/v1\/wp-json\/wp\/v2\/posts\/126953\/revisions"}],"predecessor-version":[{"id":126954,"href":"https:\/\/www.barragrande24horas.com.br\/v1\/wp-json\/wp\/v2\/posts\/126953\/revisions\/126954"}],"wp:featuredmedia":[{"embeddable":true,"href":"https:\/\/www.barragrande24horas.com.br\/v1\/wp-json\/wp\/v2\/media\/122801"}],"wp:attachment":[{"href":"https:\/\/www.barragrande24horas.com.br\/v1\/wp-json\/wp\/v2\/media?parent=126953"}],"wp:term":[{"taxonomy":"category","embeddable":true,"href":"https:\/\/www.barragrande24horas.com.br\/v1\/wp-json\/wp\/v2\/categories?post=126953"},{"taxonomy":"post_tag","embeddable":true,"href":"https:\/\/www.barragrande24horas.com.br\/v1\/wp-json\/wp\/v2\/tags?post=126953"}],"curies":[{"name":"wp","href":"https:\/\/api.w.org\/{rel}","templated":true}]}}