{"id":126949,"date":"2021-01-06T22:40:31","date_gmt":"2021-01-07T01:40:31","guid":{"rendered":"http:\/\/www.barragrande24horas.com.br\/v1\/?p=126949"},"modified":"2021-01-06T22:40:31","modified_gmt":"2021-01-07T01:40:31","slug":"marau-prefeito-manasses-anuncia-secretariado-da-gestao-2021-2024","status":"publish","type":"post","link":"https:\/\/www.barragrande24horas.com.br\/v1\/2021\/01\/06\/marau-prefeito-manasses-anuncia-secretariado-da-gestao-2021-2024\/","title":{"rendered":"MARA\u00da: PREFEITO MANASS\u00c9S ANUNCIA SECRETARIADO DA GEST\u00c3O 2021-2024"},"content":{"rendered":"<div id=\"attachment_126950\" style=\"width: 594px\" class=\"wp-caption aligncenter\"><img aria-describedby=\"caption-attachment-126950\" loading=\"lazy\" class=\"wp-image-126950 \" src=\"http:\/\/www.barragrande24horas.com.br\/v1\/wp-content\/uploads\/2021\/01\/WhatsApp-Image-2021-01-06-at-22.29.14.jpeg\" alt=\"\" width=\"584\" height=\"405\" srcset=\"https:\/\/www.barragrande24horas.com.br\/v1\/wp-content\/uploads\/2021\/01\/WhatsApp-Image-2021-01-06-at-22.29.14.jpeg 1280w, https:\/\/www.barragrande24horas.com.br\/v1\/wp-content\/uploads\/2021\/01\/WhatsApp-Image-2021-01-06-at-22.29.14-432x300.jpeg 432w, https:\/\/www.barragrande24horas.com.br\/v1\/wp-content\/uploads\/2021\/01\/WhatsApp-Image-2021-01-06-at-22.29.14-768x533.jpeg 768w, https:\/\/www.barragrande24horas.com.br\/v1\/wp-content\/uploads\/2021\/01\/WhatsApp-Image-2021-01-06-at-22.29.14-1024x710.jpeg 1024w\" sizes=\"(max-width: 584px) 100vw, 584px\" \/><p id=\"caption-attachment-126950\" class=\"wp-caption-text\">VALDEMIR LISBOA &#8211; ECLES VIANA &#8211; HOZANA SOLEDADE &#8211; ADEILDA CERQUEIRA &#8211; ANT\u00d4NIO CARLOS &#8211; JULIANA LEMOS &#8211; LEONARDO LEVITA E EDSON NASCIMENTO.<\/p><\/div>\n<p>O prefeito Manass\u00e9s Souza (PP) anunciou os nomes dos novos secret\u00e1rios municipais para a gest\u00e3o de 2021 a 2024, da Prefeitura Municipal de Mara\u00fa. \u201c\u00c9 com grande alegria que hoje, anuncio oficialmente a equipe de gest\u00e3o marauense que ficar\u00e1 \u00e0 frente pelos pr\u00f3ximos 4 anos da gest\u00e3o de nossa cidade.&#8221; Afirma o gestor.<\/p>\n<p>De acordo com o prefeito, o time \u00e9 formado por pessoas capacitadas que dar\u00e3o continuidade ao desenvolvimento de Mara\u00fa. Entre os nomes anunciados, alguns j\u00e1 fizeram parte da administra\u00e7\u00e3o anterior, que se somam aos novos gestores que ficar\u00e3o a frente de pastas importantes, como Educa\u00e7\u00e3o e Finan\u00e7as e Turismo, Infraestrutura e Desenvolvimento Social.<\/p>\n<p style=\"text-align: center;\"><strong>Os novos secret\u00e1rios s\u00e3o os seguintes:\u00a0<\/strong><\/p>\n<p><strong>TURISMO E LAZER &#8211;<\/strong> LEONARDO OLIVEIRA LEVITA.<\/p>\n<p><strong>SA\u00daDE &#8211;<\/strong> JULIANA LEMOS VIANA.<\/p>\n<p><strong>INFRAESTRUTURA E OBRAS &#8211;<\/strong> EDSON SILVA NASCIMENTO.<\/p>\n<p><strong>ADMINISTRA\u00c7\u00c3O &#8211;<\/strong> ANT\u00d4NIO CARLOS SILVA SANTOS.<\/p>\n<p><strong>FINAN\u00c7AS &#8211;<\/strong> ECLES JOS\u00c9 FONSECA VIANA.<\/p>\n<p><strong>EDUCA\u00c7\u00c3O, CULTURA E ESPORTE &#8211;<\/strong> HOZANA SOLEDADE RAMOS SANTOS.<\/p>\n<p><strong>DESENVOLVIMENTO SOCIAL &#8211;<\/strong> ADEILDA DE MOURA CERQUEIRA.<\/p>\n<p><strong>AGRICULTURA E MEIO AMBIENTE &#8211;<\/strong> VALDEMIR SOUZA LISBOA FILHO.<\/p>\n<p>&nbsp;<\/p>\n<div id=\"attachment_126951\" style=\"width: 589px\" class=\"wp-caption aligncenter\"><img aria-describedby=\"caption-attachment-126951\" loading=\"lazy\" class=\"wp-image-126951 \" src=\"http:\/\/www.barragrande24horas.com.br\/v1\/wp-content\/uploads\/2021\/01\/WhatsApp-Image-2021-01-06-at-22.32.49.jpeg\" alt=\"\" width=\"579\" height=\"304\" srcset=\"https:\/\/www.barragrande24horas.com.br\/v1\/wp-content\/uploads\/2021\/01\/WhatsApp-Image-2021-01-06-at-22.32.49.jpeg 1280w, https:\/\/www.barragrande24horas.com.br\/v1\/wp-content\/uploads\/2021\/01\/WhatsApp-Image-2021-01-06-at-22.32.49-571x300.jpeg 571w, https:\/\/www.barragrande24horas.com.br\/v1\/wp-content\/uploads\/2021\/01\/WhatsApp-Image-2021-01-06-at-22.32.49-768x403.jpeg 768w, https:\/\/www.barragrande24horas.com.br\/v1\/wp-content\/uploads\/2021\/01\/WhatsApp-Image-2021-01-06-at-22.32.49-1024x538.jpeg 1024w\" sizes=\"(max-width: 579px) 100vw, 579px\" \/><p id=\"caption-attachment-126951\" class=\"wp-caption-text\">GLAUBER BENEVIDES &#8211; ANAILDES PORTO E GILENO LIRA.<\/p><\/div>\n<p>&nbsp;<\/p>\n<p><strong>CONTROLADOR INTERNO &#8211;<\/strong> GLAUBER BENEVIDES BANDEIRA.<\/p>\n<p><strong>COORDENADOR DO GABINETE DO PREFEITO &#8211;<\/strong> GILENO FERREIRA LIRA<\/p>\n<p><strong>COORDENADORA DO GABINETE DO PREFEITO &#8211;<\/strong> ANAILDES PORTO<\/p>\n","protected":false},"excerpt":{"rendered":"<p>O prefeito Manass\u00e9s Souza (PP) anunciou os nomes dos novos secret\u00e1rios municipais para a gest\u00e3o de 2021 a 2024, da Prefeitura Municipal de Mara\u00fa. \u201c\u00c9 com grande alegria que hoje, anuncio oficialmente a equipe de gest\u00e3o marauense que ficar\u00e1 \u00e0 frente pelos pr\u00f3ximos 4 anos da gest\u00e3o de nossa cidade.&#8221; Afirma o gestor. De acordo com o prefeito, o time \u00e9 formado por pessoas capacitadas que dar\u00e3o continuidade ao desenvolvimento de Mara\u00fa. Entre os nomes anunciados, alguns j\u00e1 fizeram parte da administra\u00e7\u00e3o anterior, que se somam aos novos gestores que ficar\u00e3o a frente de pastas importantes, como Educa\u00e7\u00e3o e Finan\u00e7as [&hellip;]<\/p>\n","protected":false},"author":2,"featured_media":126950,"comment_status":"open","ping_status":"closed","sticky":false,"template":"","format":"standard","meta":[],"categories":[27],"tags":[3614],"_links":{"self":[{"href":"https:\/\/www.barragrande24horas.com.br\/v1\/wp-json\/wp\/v2\/posts\/126949"}],"collection":[{"href":"https:\/\/www.barragrande24horas.com.br\/v1\/wp-json\/wp\/v2\/posts"}],"about":[{"href":"https:\/\/www.barragrande24horas.com.br\/v1\/wp-json\/wp\/v2\/types\/post"}],"author":[{"embeddable":true,"href":"https:\/\/www.barragrande24horas.com.br\/v1\/wp-json\/wp\/v2\/users\/2"}],"replies":[{"embeddable":true,"href":"https:\/\/www.barragrande24horas.com.br\/v1\/wp-json\/wp\/v2\/comments?post=126949"}],"version-history":[{"count":1,"href":"https:\/\/www.barragrande24horas.com.br\/v1\/wp-json\/wp\/v2\/posts\/126949\/revisions"}],"predecessor-version":[{"id":126952,"href":"https:\/\/www.barragrande24horas.com.br\/v1\/wp-json\/wp\/v2\/posts\/126949\/revisions\/126952"}],"wp:featuredmedia":[{"embeddable":true,"href":"https:\/\/www.barragrande24horas.com.br\/v1\/wp-json\/wp\/v2\/media\/126950"}],"wp:attachment":[{"href":"https:\/\/www.barragrande24horas.com.br\/v1\/wp-json\/wp\/v2\/media?parent=126949"}],"wp:term":[{"taxonomy":"category","embeddable":true,"href":"https:\/\/www.barragrande24horas.com.br\/v1\/wp-json\/wp\/v2\/categories?post=126949"},{"taxonomy":"post_tag","embeddable":true,"href":"https:\/\/www.barragrande24horas.com.br\/v1\/wp-json\/wp\/v2\/tags?post=126949"}],"curies":[{"name":"wp","href":"https:\/\/api.w.org\/{rel}","templated":true}]}}