{"id":126920,"date":"2021-01-02T17:33:07","date_gmt":"2021-01-02T20:33:07","guid":{"rendered":"http:\/\/www.barragrande24horas.com.br\/v1\/?p=126920"},"modified":"2021-01-02T17:34:05","modified_gmt":"2021-01-02T20:34:05","slug":"appa-marau-ba-publica-edital-de-convocacao-de-assembleia-geral-ordinaria","status":"publish","type":"post","link":"https:\/\/www.barragrande24horas.com.br\/v1\/2021\/01\/02\/appa-marau-ba-publica-edital-de-convocacao-de-assembleia-geral-ordinaria\/","title":{"rendered":"APPA MARA\u00da-BA PUBLICA EDITAL DE CONVOCA\u00c7\u00c3O DE ASSEMBL\u00c9IA GERAL ORDIN\u00c1RIA"},"content":{"rendered":"<p><img loading=\"lazy\" class=\"aligncenter wp-image-126921 \" src=\"http:\/\/www.barragrande24horas.com.br\/v1\/wp-content\/uploads\/2021\/01\/ALGODOES-PRAIA-OKOK.jpg\" alt=\"\" width=\"580\" height=\"327\" srcset=\"https:\/\/www.barragrande24horas.com.br\/v1\/wp-content\/uploads\/2021\/01\/ALGODOES-PRAIA-OKOK.jpg 600w, https:\/\/www.barragrande24horas.com.br\/v1\/wp-content\/uploads\/2021\/01\/ALGODOES-PRAIA-OKOK-533x300.jpg 533w\" sizes=\"(max-width: 580px) 100vw, 580px\" \/><\/p>\n<p>O Diretor Presidente da Associa\u00e7\u00e3o dos Propriet\u00e1rios do Loteamento Praias de Mara\u00fa, regi\u00e3o dos Algod\u00f5es, Munic\u00edpio de Mara\u00fa-BA, CONVOCA atrav\u00e9s do presente edital, todos os propriet\u00e1rios de lotes registrados em Cart\u00f3rio ou n\u00e3o registrados, para Assembleia Geral Ordin\u00e1ria, que ser\u00e1 realizada na Escola Municipal Atanael do Amor Divino Santos, situada no supracitado Loteamento, \u00e0s 09:00 horas, do dia 17 de janeiro de 2021, com a seguinte ordem do dia:<\/p>\n<p>1 \u2013 Aprova\u00e7\u00e3o das contas (vida financeira) da Associa\u00e7\u00e3o, 2020.<br \/>\n2 \u2013 Apresenta\u00e7\u00e3o das realiza\u00e7\u00f5es desenvolvidas pela Diretoria Executiva, 2020.<br \/>\n3 \u2013 Elei\u00e7\u00e3o e posse da Diretoria Executiva e Conselho Fiscal para o bi\u00eanio 2021\/2022.<br \/>\n4 \u2013 O que ocorrer.<br \/>\nAs chapas que desejarem concorrer \u00e0 elei\u00e7\u00e3o da nova Diretoria Executiva, devem ser constitu\u00eddas, de acordo com o ARTIGO 6\u00ba do ESTATUTO SOCIAL- \u201cpor associados optantes que, sem impedimentos legais, forem leg\u00edtimos propriet\u00e1rios ou titular de direitos de aquisi\u00e7\u00e3o de lotes do Loteamento Praias de Mara\u00fa \u2013 Algod\u00f5es \u2013 Mara\u00fa-BA\u201d e apresentada \u00e0 atual Diretoria Executiva a partir da data do presente EDITAL (04\/01\/2021), at\u00e9 antes da instala\u00e7\u00e3o da Assembleia Geral Ordin\u00e1ria (09:00h de 17\/01\/2021).<br \/>\nOs propriet\u00e1rios de lotes n\u00e3o registrados em Cart\u00f3rio, dever\u00e3o identificar-se antes do in\u00edcio da Assembleia Geral Ordin\u00e1ria.<br \/>\nA Assembleia Geral Ordin\u00e1ria instalar-se-\u00e1 em primeira convoca\u00e7\u00e3o \u00e0s 09:00 horas, do dia 17 de janeiro de 2021, com a presen\u00e7a da maioria dos propriet\u00e1rios e, em segunda convoca\u00e7\u00e3o, com qualquer n\u00famero, meia hora depois, n\u00e3o exigindo a lei, qu\u00f3rum especial.<\/p>\n<p>Algod\u00f5es-Mara\u00fa-BA., 04 de janeiro de 2021.<br \/>\nJOSENILTON DIAS DA SILVA Diretor Presidente<\/p>\n<p>(Jornal Tribuna da Regi\u00e3o)<\/p>\n","protected":false},"excerpt":{"rendered":"<p>O Diretor Presidente da Associa\u00e7\u00e3o dos Propriet\u00e1rios do Loteamento Praias de Mara\u00fa, regi\u00e3o dos Algod\u00f5es, Munic\u00edpio de Mara\u00fa-BA, CONVOCA atrav\u00e9s do presente edital, todos os propriet\u00e1rios de lotes registrados em Cart\u00f3rio ou n\u00e3o registrados, para Assembleia Geral Ordin\u00e1ria, que ser\u00e1 realizada na Escola Municipal Atanael do Amor Divino Santos, situada no supracitado Loteamento, \u00e0s 09:00 horas, do dia 17 de janeiro de 2021, com a seguinte ordem do dia: 1 \u2013 Aprova\u00e7\u00e3o das contas (vida financeira) da Associa\u00e7\u00e3o, 2020. 2 \u2013 Apresenta\u00e7\u00e3o das realiza\u00e7\u00f5es desenvolvidas pela Diretoria Executiva, 2020. 3 \u2013 Elei\u00e7\u00e3o e posse da Diretoria Executiva e Conselho Fiscal [&hellip;]<\/p>\n","protected":false},"author":2,"featured_media":126921,"comment_status":"open","ping_status":"closed","sticky":false,"template":"","format":"standard","meta":[],"categories":[27],"tags":[3604],"_links":{"self":[{"href":"https:\/\/www.barragrande24horas.com.br\/v1\/wp-json\/wp\/v2\/posts\/126920"}],"collection":[{"href":"https:\/\/www.barragrande24horas.com.br\/v1\/wp-json\/wp\/v2\/posts"}],"about":[{"href":"https:\/\/www.barragrande24horas.com.br\/v1\/wp-json\/wp\/v2\/types\/post"}],"author":[{"embeddable":true,"href":"https:\/\/www.barragrande24horas.com.br\/v1\/wp-json\/wp\/v2\/users\/2"}],"replies":[{"embeddable":true,"href":"https:\/\/www.barragrande24horas.com.br\/v1\/wp-json\/wp\/v2\/comments?post=126920"}],"version-history":[{"count":2,"href":"https:\/\/www.barragrande24horas.com.br\/v1\/wp-json\/wp\/v2\/posts\/126920\/revisions"}],"predecessor-version":[{"id":126923,"href":"https:\/\/www.barragrande24horas.com.br\/v1\/wp-json\/wp\/v2\/posts\/126920\/revisions\/126923"}],"wp:featuredmedia":[{"embeddable":true,"href":"https:\/\/www.barragrande24horas.com.br\/v1\/wp-json\/wp\/v2\/media\/126921"}],"wp:attachment":[{"href":"https:\/\/www.barragrande24horas.com.br\/v1\/wp-json\/wp\/v2\/media?parent=126920"}],"wp:term":[{"taxonomy":"category","embeddable":true,"href":"https:\/\/www.barragrande24horas.com.br\/v1\/wp-json\/wp\/v2\/categories?post=126920"},{"taxonomy":"post_tag","embeddable":true,"href":"https:\/\/www.barragrande24horas.com.br\/v1\/wp-json\/wp\/v2\/tags?post=126920"}],"curies":[{"name":"wp","href":"https:\/\/api.w.org\/{rel}","templated":true}]}}