{"id":126907,"date":"2021-01-02T15:46:00","date_gmt":"2021-01-02T18:46:00","guid":{"rendered":"http:\/\/www.barragrande24horas.com.br\/v1\/?p=126907"},"modified":"2021-01-02T15:47:13","modified_gmt":"2021-01-02T18:47:13","slug":"antonio-de-anizio-e-empossado-como-prefeito-reeleito-de-itacare-e-anuncia-secretariado","status":"publish","type":"post","link":"https:\/\/www.barragrande24horas.com.br\/v1\/2021\/01\/02\/antonio-de-anizio-e-empossado-como-prefeito-reeleito-de-itacare-e-anuncia-secretariado\/","title":{"rendered":"Ant\u00f4nio de An\u00edzio \u00e9 empossado como prefeito reeleito de Itacar\u00e9 e anuncia secretariado"},"content":{"rendered":"<p><img loading=\"lazy\" class=\"aligncenter wp-image-126908 \" src=\"http:\/\/www.barragrande24horas.com.br\/v1\/wp-content\/uploads\/2021\/01\/WhatsApp-Image-2021-01-01-at-18.43.34-768x398.jpeg\" alt=\"\" width=\"585\" height=\"303\" srcset=\"https:\/\/www.barragrande24horas.com.br\/v1\/wp-content\/uploads\/2021\/01\/WhatsApp-Image-2021-01-01-at-18.43.34-768x398.jpeg 768w, https:\/\/www.barragrande24horas.com.br\/v1\/wp-content\/uploads\/2021\/01\/WhatsApp-Image-2021-01-01-at-18.43.34-768x398-579x300.jpeg 579w\" sizes=\"(max-width: 585px) 100vw, 585px\" \/><\/p>\n<p>Tomou posse na tarde desta sexta-feira(1\u00ba), na C\u00e2mara Municipal de Itacar\u00e9, o prefeito Ant\u00f4nio de An\u00edzio, o vice Genilson Souza e os 11 vereadores eleitos para o quadri\u00eanio de 2021 a 2024. S\u00e3o eles; Renilson de Milton Ramos, Lenoildo Ribeiro (Canelinha) Djones Santos, Givaldo da Ambul\u00e2ncia, Rodolfo Barros, Biro do Fojo, Miguel da Matinha, Ricardo da Sa\u00fade, Pedr\u00e3o, Diego de Bidal e Roberto do Smart.<\/p>\n<p>Durante a solenidade de posse, transmitida ao vivo pelas redes sociais e a Itacar\u00e9 FM, e seguindo todos os protocolos sanit\u00e1rios, o prefeito Ant\u00f4nio de An\u00edzio falou do trabalho realizado nos \u00faltimos quatro anos, recebendo a aprova\u00e7\u00e3o da comunidade, o que somente faz aumentar a responsabilidade da gest\u00e3o para os pr\u00f3ximos quatro anos.<\/p>\n<p><img loading=\"lazy\" class=\"aligncenter wp-image-126910 \" src=\"http:\/\/www.barragrande24horas.com.br\/v1\/wp-content\/uploads\/2021\/01\/FB_IMG_1609537533844.jpg\" alt=\"\" width=\"584\" height=\"306\" srcset=\"https:\/\/www.barragrande24horas.com.br\/v1\/wp-content\/uploads\/2021\/01\/FB_IMG_1609537533844.jpg 720w, https:\/\/www.barragrande24horas.com.br\/v1\/wp-content\/uploads\/2021\/01\/FB_IMG_1609537533844-573x300.jpg 573w\" sizes=\"(max-width: 584px) 100vw, 584px\" \/><\/p>\n<p>Ele destacou que uma das prioridade dos pr\u00f3ximos quatro anos ser\u00e1 cuidar ainda mais da popula\u00e7\u00e3o, num trabalho voltado para o social, mais humanizado e olhando cada vez mais para o bem-estar do cidad\u00e3o, criando novas oportunidades para os jovens e com um olhar especial para as crian\u00e7as e os idosos.<\/p>\n<p>O vice-prefeito Genilson Souza agradeceu a todos pela vota\u00e7\u00e3o e fez quest\u00e3o de real\u00e7ar o trabalho realizado pela gest\u00e3o, sob a lideran\u00e7a do prefeito Ant\u00f4nio de An\u00edzio, que tem promovido importantes mudan\u00e7as e avan\u00e7os no munic\u00edpio, trazendo mais desenvolvimento e oportunidades para todos. Tamb\u00e9m falou sobre a import\u00e2ncia da pol\u00edtica na garantia de oportunidades para todos, citando como exemplo a elei\u00e7\u00e3o de uma C\u00e2mara de Vereadores representada pelos mais diversos setores da comunidade, principalmente as minorias e o povo mais simples e humilde do munic\u00edpio. (Itacar\u00e9 Urgente)<\/p>\n<p>Ainda durante a solenidade o prefeito Ant\u00f4nio de An\u00edzio anunciou sua nova equipe de secret\u00e1rios:<\/p>\n<p>J\u00fanior Andrade (Planejamento)<br \/>\nEd Camargo (Comunica\u00e7\u00e3o)<br \/>\nJos\u00e9 Augusto Mato Grosso (Transporte e Tr\u00e2nsito)<br \/>\nMarcos Japu (Administra\u00e7\u00e3o)<br \/>\nJarbas J\u00fanior (Governo)<br \/>\nMarcelo Barros (Juventude, Esporte e Mulher)<br \/>\nJorge \u00c1vila (Turismo)<br \/>\nEliane Camargo (Educa\u00e7\u00e3o)<br \/>\nJuliana Novaes (Desenvolvimento Social)<br \/>\nMar\u00edlia Almeida (Sa\u00fade)<br \/>\nMarcos Luedy (Meio Ambiente<br \/>\nLu\u00eds Fabiano (Agricultura)<br \/>\nMarcos Cerqueira (Finan\u00e7as)<br \/>\nAdemar S\u00e1 (Desenvolvimento Urbano)<br \/>\n\u00c1lvaro Miguel (Procuradoria Jur\u00eddica)<\/p>\n","protected":false},"excerpt":{"rendered":"<p>Tomou posse na tarde desta sexta-feira(1\u00ba), na C\u00e2mara Municipal de Itacar\u00e9, o prefeito Ant\u00f4nio de An\u00edzio, o vice Genilson Souza e os 11 vereadores eleitos para o quadri\u00eanio de 2021 a 2024. S\u00e3o eles; Renilson de Milton Ramos, Lenoildo Ribeiro (Canelinha) Djones Santos, Givaldo da Ambul\u00e2ncia, Rodolfo Barros, Biro do Fojo, Miguel da Matinha, Ricardo da Sa\u00fade, Pedr\u00e3o, Diego de Bidal e Roberto do Smart. Durante a solenidade de posse, transmitida ao vivo pelas redes sociais e a Itacar\u00e9 FM, e seguindo todos os protocolos sanit\u00e1rios, o prefeito Ant\u00f4nio de An\u00edzio falou do trabalho realizado nos \u00faltimos quatro anos, recebendo [&hellip;]<\/p>\n","protected":false},"author":2,"featured_media":126908,"comment_status":"open","ping_status":"closed","sticky":false,"template":"","format":"standard","meta":[],"categories":[8],"tags":[3600],"_links":{"self":[{"href":"https:\/\/www.barragrande24horas.com.br\/v1\/wp-json\/wp\/v2\/posts\/126907"}],"collection":[{"href":"https:\/\/www.barragrande24horas.com.br\/v1\/wp-json\/wp\/v2\/posts"}],"about":[{"href":"https:\/\/www.barragrande24horas.com.br\/v1\/wp-json\/wp\/v2\/types\/post"}],"author":[{"embeddable":true,"href":"https:\/\/www.barragrande24horas.com.br\/v1\/wp-json\/wp\/v2\/users\/2"}],"replies":[{"embeddable":true,"href":"https:\/\/www.barragrande24horas.com.br\/v1\/wp-json\/wp\/v2\/comments?post=126907"}],"version-history":[{"count":3,"href":"https:\/\/www.barragrande24horas.com.br\/v1\/wp-json\/wp\/v2\/posts\/126907\/revisions"}],"predecessor-version":[{"id":126912,"href":"https:\/\/www.barragrande24horas.com.br\/v1\/wp-json\/wp\/v2\/posts\/126907\/revisions\/126912"}],"wp:featuredmedia":[{"embeddable":true,"href":"https:\/\/www.barragrande24horas.com.br\/v1\/wp-json\/wp\/v2\/media\/126908"}],"wp:attachment":[{"href":"https:\/\/www.barragrande24horas.com.br\/v1\/wp-json\/wp\/v2\/media?parent=126907"}],"wp:term":[{"taxonomy":"category","embeddable":true,"href":"https:\/\/www.barragrande24horas.com.br\/v1\/wp-json\/wp\/v2\/categories?post=126907"},{"taxonomy":"post_tag","embeddable":true,"href":"https:\/\/www.barragrande24horas.com.br\/v1\/wp-json\/wp\/v2\/tags?post=126907"}],"curies":[{"name":"wp","href":"https:\/\/api.w.org\/{rel}","templated":true}]}}