{"id":126902,"date":"2021-01-02T12:13:52","date_gmt":"2021-01-02T15:13:52","guid":{"rendered":"http:\/\/www.barragrande24horas.com.br\/v1\/?p=126902"},"modified":"2021-01-02T12:13:52","modified_gmt":"2021-01-02T15:13:52","slug":"vereador-vado-e-eleito-presidente-da-camara-de-vereadores-de-marau","status":"publish","type":"post","link":"https:\/\/www.barragrande24horas.com.br\/v1\/2021\/01\/02\/vereador-vado-e-eleito-presidente-da-camara-de-vereadores-de-marau\/","title":{"rendered":"VEREADOR VADO \u00c9 ELEITO PRESIDENTE DA C\u00c2MARA DE VEREADORES DE MARA\u00da"},"content":{"rendered":"<div id=\"attachment_126897\" style=\"width: 589px\" class=\"wp-caption aligncenter\"><img aria-describedby=\"caption-attachment-126897\" loading=\"lazy\" class=\"wp-image-126897 \" src=\"http:\/\/www.barragrande24horas.com.br\/v1\/wp-content\/uploads\/2021\/01\/WhatsApp-Image-2021-01-02-at-09.19.46.jpeg\" alt=\"\" width=\"579\" height=\"386\" srcset=\"https:\/\/www.barragrande24horas.com.br\/v1\/wp-content\/uploads\/2021\/01\/WhatsApp-Image-2021-01-02-at-09.19.46.jpeg 1024w, https:\/\/www.barragrande24horas.com.br\/v1\/wp-content\/uploads\/2021\/01\/WhatsApp-Image-2021-01-02-at-09.19.46-450x300.jpeg 450w, https:\/\/www.barragrande24horas.com.br\/v1\/wp-content\/uploads\/2021\/01\/WhatsApp-Image-2021-01-02-at-09.19.46-768x512.jpeg 768w\" sizes=\"(max-width: 579px) 100vw, 579px\" \/><p id=\"caption-attachment-126897\" class=\"wp-caption-text\">Vereador Vado \u00e9 o presidente da C\u00e2mara de Vereadores.<\/p><\/div>\n<p class=\"typography-root article-paragraph\">O vereador Osvaldo Ferreira Mota, Vado do (PP) \u00e9 o novo presidente da C\u00e2mara de Mara\u00fa. Ele permanecer\u00e1 no cargo at\u00e9 2022. O parlamentar recebeu 07 votos dos 11 poss\u00edveis. A escolha ocorreu em\u00a0sess\u00e3o tensa realizada nesta sexta-feira (1). Foi a primeira sess\u00e3o do ano e da nova legislatura.<\/p>\n<p><img loading=\"lazy\" class=\"aligncenter wp-image-126905 \" src=\"http:\/\/www.barragrande24horas.com.br\/v1\/wp-content\/uploads\/2021\/01\/WhatsApp-Image-2021-01-02-at-11.46.25.jpeg\" alt=\"\" width=\"581\" height=\"387\" srcset=\"https:\/\/www.barragrande24horas.com.br\/v1\/wp-content\/uploads\/2021\/01\/WhatsApp-Image-2021-01-02-at-11.46.25.jpeg 1280w, https:\/\/www.barragrande24horas.com.br\/v1\/wp-content\/uploads\/2021\/01\/WhatsApp-Image-2021-01-02-at-11.46.25-450x300.jpeg 450w, https:\/\/www.barragrande24horas.com.br\/v1\/wp-content\/uploads\/2021\/01\/WhatsApp-Image-2021-01-02-at-11.46.25-768x512.jpeg 768w, https:\/\/www.barragrande24horas.com.br\/v1\/wp-content\/uploads\/2021\/01\/WhatsApp-Image-2021-01-02-at-11.46.25-1024x682.jpeg 1024w\" sizes=\"(max-width: 581px) 100vw, 581px\" \/><\/p>\n<p>Junto com Vado, foram eleitos para fazer parte da mesa diretora os vereadores Paulino Ribeiro (PP), como vice-presidente; Augusto Santana (PL), no cargo de primeiro-secret\u00e1rio; e o vereadora Jailton Arag\u00e3o &#8211; Jaj\u00e1 (PSD), como segundo-secret\u00e1rio. Cada um dos parlamentares proferiu o seu voto de forma verbal e p\u00fablica.<\/p>\n<p>A C\u00e2mara estar\u00e1 em recesso legislativo durante o m\u00eas de janeiro. Nesse per\u00edodo, apenas reuni\u00f5es extraordin\u00e1rias podem ser convocadas. A primeira sess\u00e3o ordin\u00e1ria do ano est\u00e1 marcada para o dia 15 de fevereiro.<\/p>\n<p>&nbsp;<\/p>\n","protected":false},"excerpt":{"rendered":"<p>O vereador Osvaldo Ferreira Mota, Vado do (PP) \u00e9 o novo presidente da C\u00e2mara de Mara\u00fa. Ele permanecer\u00e1 no cargo at\u00e9 2022. O parlamentar recebeu 07 votos dos 11 poss\u00edveis. A escolha ocorreu em\u00a0sess\u00e3o tensa realizada nesta sexta-feira (1). Foi a primeira sess\u00e3o do ano e da nova legislatura. Junto com Vado, foram eleitos para fazer parte da mesa diretora os vereadores Paulino Ribeiro (PP), como vice-presidente; Augusto Santana (PL), no cargo de primeiro-secret\u00e1rio; e o vereadora Jailton Arag\u00e3o &#8211; Jaj\u00e1 (PSD), como segundo-secret\u00e1rio. Cada um dos parlamentares proferiu o seu voto de forma verbal e p\u00fablica. A C\u00e2mara estar\u00e1 [&hellip;]<\/p>\n","protected":false},"author":2,"featured_media":126904,"comment_status":"open","ping_status":"closed","sticky":false,"template":"","format":"standard","meta":[],"categories":[27],"tags":[3599],"_links":{"self":[{"href":"https:\/\/www.barragrande24horas.com.br\/v1\/wp-json\/wp\/v2\/posts\/126902"}],"collection":[{"href":"https:\/\/www.barragrande24horas.com.br\/v1\/wp-json\/wp\/v2\/posts"}],"about":[{"href":"https:\/\/www.barragrande24horas.com.br\/v1\/wp-json\/wp\/v2\/types\/post"}],"author":[{"embeddable":true,"href":"https:\/\/www.barragrande24horas.com.br\/v1\/wp-json\/wp\/v2\/users\/2"}],"replies":[{"embeddable":true,"href":"https:\/\/www.barragrande24horas.com.br\/v1\/wp-json\/wp\/v2\/comments?post=126902"}],"version-history":[{"count":2,"href":"https:\/\/www.barragrande24horas.com.br\/v1\/wp-json\/wp\/v2\/posts\/126902\/revisions"}],"predecessor-version":[{"id":126906,"href":"https:\/\/www.barragrande24horas.com.br\/v1\/wp-json\/wp\/v2\/posts\/126902\/revisions\/126906"}],"wp:featuredmedia":[{"embeddable":true,"href":"https:\/\/www.barragrande24horas.com.br\/v1\/wp-json\/wp\/v2\/media\/126904"}],"wp:attachment":[{"href":"https:\/\/www.barragrande24horas.com.br\/v1\/wp-json\/wp\/v2\/media?parent=126902"}],"wp:term":[{"taxonomy":"category","embeddable":true,"href":"https:\/\/www.barragrande24horas.com.br\/v1\/wp-json\/wp\/v2\/categories?post=126902"},{"taxonomy":"post_tag","embeddable":true,"href":"https:\/\/www.barragrande24horas.com.br\/v1\/wp-json\/wp\/v2\/tags?post=126902"}],"curies":[{"name":"wp","href":"https:\/\/api.w.org\/{rel}","templated":true}]}}