{"id":126887,"date":"2021-01-02T09:48:21","date_gmt":"2021-01-02T12:48:21","guid":{"rendered":"http:\/\/www.barragrande24horas.com.br\/v1\/?p=126887"},"modified":"2021-01-02T09:49:22","modified_gmt":"2021-01-02T12:49:22","slug":"manasses-souza-e-empossado-como-prefeito-de-marau","status":"publish","type":"post","link":"https:\/\/www.barragrande24horas.com.br\/v1\/2021\/01\/02\/manasses-souza-e-empossado-como-prefeito-de-marau\/","title":{"rendered":"MANASS\u00c9S SOUZA \u00c9 EMPOSSADO COMO PREFEITO DE MARA\u00da"},"content":{"rendered":"<div data-offset-key=\"a0c8o-0-0\">\n<div id=\"attachment_126898\" style=\"width: 591px\" class=\"wp-caption aligncenter\"><img aria-describedby=\"caption-attachment-126898\" loading=\"lazy\" class=\"wp-image-126898 \" src=\"http:\/\/www.barragrande24horas.com.br\/v1\/wp-content\/uploads\/2021\/01\/WhatsApp-Image-2021-01-02-at-09.19.46-9-1.jpeg\" alt=\"\" width=\"581\" height=\"387\" srcset=\"https:\/\/www.barragrande24horas.com.br\/v1\/wp-content\/uploads\/2021\/01\/WhatsApp-Image-2021-01-02-at-09.19.46-9-1.jpeg 1024w, https:\/\/www.barragrande24horas.com.br\/v1\/wp-content\/uploads\/2021\/01\/WhatsApp-Image-2021-01-02-at-09.19.46-9-1-450x300.jpeg 450w, https:\/\/www.barragrande24horas.com.br\/v1\/wp-content\/uploads\/2021\/01\/WhatsApp-Image-2021-01-02-at-09.19.46-9-1-768x512.jpeg 768w\" sizes=\"(max-width: 581px) 100vw, 581px\" \/><p id=\"caption-attachment-126898\" class=\"wp-caption-text\">Manass\u00e9s Souza &#8211; Prefeito de Mara\u00fa | Foto: Darlim Santos.<\/p><\/div>\n<\/div>\n<div data-offset-key=\"a0c8o-0-0\"><\/div>\n<div class=\"\" data-block=\"true\" data-editor=\"599qb\" data-offset-key=\"a0c8o-0-0\">\n<div class=\"_1mf _1mj\" data-offset-key=\"a0c8o-0-0\"><span data-offset-key=\"a0c8o-0-0\">O prefeito eleito de Mara\u00fa, Manass\u00e9s Souza, tomou posse para seu primeiro mandato \u00e0 frente do munic\u00edpio, na manh\u00e3 da \u00faltima sexta (1\u00b0), em cerim\u00f4nia realizada na quadra poliesportiva, ao lado do vice-prefeito, Neto da Madeireira. A sess\u00e3o foi presidida pelo vereador Osvaldo Ferreira Mota.<\/span><\/div>\n<\/div>\n<div data-offset-key=\"a0c8o-0-0\"><\/div>\n<div data-offset-key=\"a0c8o-0-0\">\n<div id=\"attachment_126893\" style=\"width: 590px\" class=\"wp-caption aligncenter\"><img aria-describedby=\"caption-attachment-126893\" loading=\"lazy\" class=\"wp-image-126893\" src=\"http:\/\/www.barragrande24horas.com.br\/v1\/wp-content\/uploads\/2021\/01\/WhatsApp-Image-2021-01-02-at-09.19.46-4.jpeg\" alt=\"\" width=\"580\" height=\"435\" srcset=\"https:\/\/www.barragrande24horas.com.br\/v1\/wp-content\/uploads\/2021\/01\/WhatsApp-Image-2021-01-02-at-09.19.46-4.jpeg 1024w, https:\/\/www.barragrande24horas.com.br\/v1\/wp-content\/uploads\/2021\/01\/WhatsApp-Image-2021-01-02-at-09.19.46-4-400x300.jpeg 400w, https:\/\/www.barragrande24horas.com.br\/v1\/wp-content\/uploads\/2021\/01\/WhatsApp-Image-2021-01-02-at-09.19.46-4-768x576.jpeg 768w\" sizes=\"(max-width: 580px) 100vw, 580px\" \/><p id=\"caption-attachment-126893\" class=\"wp-caption-text\">Prefeito Manass\u00e9s ao lado da ex-prefeita Gracinha Viana. | Foto: Darlim Santos.<\/p><\/div>\n<\/div>\n<div class=\"_1mf _1mj\" data-offset-key=\"9vq59-0-0\"><span data-offset-key=\"9vq59-0-0\">\u00a0<\/span><\/div>\n<div data-offset-key=\"9vq59-0-0\">No discurso, Manass\u00e9s refor\u00e7ou o compromisso com os marauaenses pela continuidade do trabalho como l\u00edder do Executivo. \u201cEstaremos lutando incansavelmente para fazer o melhor por todo povo de Mara\u00fa.\u201d, destacou o prefeito.<\/div>\n<div data-offset-key=\"9vq59-0-0\"><\/div>\n<div data-offset-key=\"9vq59-0-0\">\n<div id=\"attachment_126889\" style=\"width: 590px\" class=\"wp-caption aligncenter\"><img aria-describedby=\"caption-attachment-126889\" loading=\"lazy\" class=\"wp-image-126889\" src=\"http:\/\/www.barragrande24horas.com.br\/v1\/wp-content\/uploads\/2021\/01\/WhatsApp-Image-2021-01-02-at-09.19.46-8-450x300.jpeg\" alt=\"\" width=\"580\" height=\"386\" srcset=\"https:\/\/www.barragrande24horas.com.br\/v1\/wp-content\/uploads\/2021\/01\/WhatsApp-Image-2021-01-02-at-09.19.46-8-450x300.jpeg 450w, https:\/\/www.barragrande24horas.com.br\/v1\/wp-content\/uploads\/2021\/01\/WhatsApp-Image-2021-01-02-at-09.19.46-8-768x512.jpeg 768w, https:\/\/www.barragrande24horas.com.br\/v1\/wp-content\/uploads\/2021\/01\/WhatsApp-Image-2021-01-02-at-09.19.46-8.jpeg 1024w\" sizes=\"(max-width: 580px) 100vw, 580px\" \/><p id=\"caption-attachment-126889\" class=\"wp-caption-text\">Neto Viana &#8211; vice-prefeito de Mara\u00fa | Foto: Darlim Santos.<\/p><\/div>\n<\/div>\n<div data-offset-key=\"9vq59-0-0\">\n<p>Ap\u00f3s a oficializa\u00e7\u00e3o da posse, a ex-prefeita Gracinha Viana,\u00a0\u00a0diz ter convic\u00e7\u00e3o do\u00a0\u00f3timo trabalho que ser\u00e1 feito por Manass\u00e9s.\u00a0Emocionada, iniciou suas palavras agradecendo a equipe de homens e mulheres de muita for\u00e7a que ajudaram a mudar a cara da cidade.<\/p>\n<div id=\"attachment_126895\" style=\"width: 590px\" class=\"wp-caption aligncenter\"><img aria-describedby=\"caption-attachment-126895\" loading=\"lazy\" class=\"wp-image-126895\" src=\"http:\/\/www.barragrande24horas.com.br\/v1\/wp-content\/uploads\/2021\/01\/WhatsApp-Image-2021-01-02-at-09.19.46-2.jpeg\" alt=\"\" width=\"580\" height=\"435\" srcset=\"https:\/\/www.barragrande24horas.com.br\/v1\/wp-content\/uploads\/2021\/01\/WhatsApp-Image-2021-01-02-at-09.19.46-2.jpeg 1024w, https:\/\/www.barragrande24horas.com.br\/v1\/wp-content\/uploads\/2021\/01\/WhatsApp-Image-2021-01-02-at-09.19.46-2-400x300.jpeg 400w, https:\/\/www.barragrande24horas.com.br\/v1\/wp-content\/uploads\/2021\/01\/WhatsApp-Image-2021-01-02-at-09.19.46-2-768x576.jpeg 768w\" sizes=\"(max-width: 580px) 100vw, 580px\" \/><p id=\"caption-attachment-126895\" class=\"wp-caption-text\">Manass\u00e9s Souza ao lado da ex-prefeita Gracinha Viana e do ex-vice-prefeito Dr l\u00e9o | Foto: Darlim<\/p><\/div>\n<blockquote><p><em>\u201cEstou entregando como algu\u00e9m que fez seu trabalho. Com a sensa\u00e7\u00e3o do dever cumprido. Com a sensa\u00e7\u00e3o de que tudo aquilo que estava ao nosso alcance, dentro das possibilidades financeiras, economicas e sociais que n\u00f3s temos; dentro das adversidades ocorridas neste per\u00edodo, n\u00f3s estamos entregando com a convic\u00e7\u00e3o do dever cumprido.\u201d &#8211; Afirmou a ex-prefeita.<\/em><\/p><\/blockquote>\n<p><img loading=\"lazy\" class=\"aligncenter wp-image-126894 \" src=\"http:\/\/www.barragrande24horas.com.br\/v1\/wp-content\/uploads\/2021\/01\/WhatsApp-Image-2021-01-02-at-09.19.46-3.jpeg\" alt=\"\" width=\"580\" height=\"435\" srcset=\"https:\/\/www.barragrande24horas.com.br\/v1\/wp-content\/uploads\/2021\/01\/WhatsApp-Image-2021-01-02-at-09.19.46-3.jpeg 1024w, https:\/\/www.barragrande24horas.com.br\/v1\/wp-content\/uploads\/2021\/01\/WhatsApp-Image-2021-01-02-at-09.19.46-3-400x300.jpeg 400w, https:\/\/www.barragrande24horas.com.br\/v1\/wp-content\/uploads\/2021\/01\/WhatsApp-Image-2021-01-02-at-09.19.46-3-768x576.jpeg 768w\" sizes=\"(max-width: 580px) 100vw, 580px\" \/><\/p>\n<p>Durante a cerim\u00f4nia de posse houve o juramento e em seguida a elei\u00e7\u00e3o da mesa diretora, que passa a ser composta por:\u00a0Presidente: Osvaldo Ferreira Mota,Vice-Presidente: Paulino Ribeiro,1\u00b0Secret\u00e1rio: Augusto Santana, 2\u00b0Secret\u00e1rio: Jailton Arag\u00e3o.<\/p>\n<div id=\"attachment_126896\" style=\"width: 591px\" class=\"wp-caption aligncenter\"><img aria-describedby=\"caption-attachment-126896\" loading=\"lazy\" class=\"wp-image-126896 \" src=\"http:\/\/www.barragrande24horas.com.br\/v1\/wp-content\/uploads\/2021\/01\/WhatsApp-Image-2021-01-02-at-09.19.46-1.jpeg\" alt=\"\" width=\"581\" height=\"387\" srcset=\"https:\/\/www.barragrande24horas.com.br\/v1\/wp-content\/uploads\/2021\/01\/WhatsApp-Image-2021-01-02-at-09.19.46-1.jpeg 1024w, https:\/\/www.barragrande24horas.com.br\/v1\/wp-content\/uploads\/2021\/01\/WhatsApp-Image-2021-01-02-at-09.19.46-1-450x300.jpeg 450w, https:\/\/www.barragrande24horas.com.br\/v1\/wp-content\/uploads\/2021\/01\/WhatsApp-Image-2021-01-02-at-09.19.46-1-768x512.jpeg 768w\" sizes=\"(max-width: 581px) 100vw, 581px\" \/><p id=\"caption-attachment-126896\" class=\"wp-caption-text\">Vice-prefeito Neto, Prefeito Manass\u00e9s e o presidente da C\u00e2mara, Vado. | Foto: Darlim<\/p><\/div>\n<p>&nbsp;<\/p>\n<\/div>\n<div data-offset-key=\"9vq59-0-0\">Ap\u00f3s a solenidade, o prefeito e o vice se dirigiram ao pr\u00e9dio da Prefeitura Municipal para a transmiss\u00e3o de cargo, que oficializou o in\u00edcio de seu primeiro mandato. Agora, o prefeito Manass\u00e9s Souza, comanda a Prefeitura de Mara\u00fa, pelo quadri\u00eanio 2021-2024.<\/div>\n<p><img loading=\"lazy\" class=\"aligncenter wp-image-126891 \" src=\"http:\/\/www.barragrande24horas.com.br\/v1\/wp-content\/uploads\/2021\/01\/WhatsApp-Image-2021-01-02-at-09.19.46-6.jpeg\" alt=\"\" width=\"580\" height=\"435\" srcset=\"https:\/\/www.barragrande24horas.com.br\/v1\/wp-content\/uploads\/2021\/01\/WhatsApp-Image-2021-01-02-at-09.19.46-6.jpeg 1024w, https:\/\/www.barragrande24horas.com.br\/v1\/wp-content\/uploads\/2021\/01\/WhatsApp-Image-2021-01-02-at-09.19.46-6-400x300.jpeg 400w, https:\/\/www.barragrande24horas.com.br\/v1\/wp-content\/uploads\/2021\/01\/WhatsApp-Image-2021-01-02-at-09.19.46-6-768x576.jpeg 768w\" sizes=\"(max-width: 580px) 100vw, 580px\" \/><\/p>\n<p>&nbsp;<\/p>\n","protected":false},"excerpt":{"rendered":"<p>O prefeito eleito de Mara\u00fa, Manass\u00e9s Souza, tomou posse para seu primeiro mandato \u00e0 frente do munic\u00edpio, na manh\u00e3 da \u00faltima sexta (1\u00b0), em cerim\u00f4nia realizada na quadra poliesportiva, ao lado do vice-prefeito, Neto da Madeireira. A sess\u00e3o foi presidida pelo vereador Osvaldo Ferreira Mota. \u00a0 No discurso, Manass\u00e9s refor\u00e7ou o compromisso com os marauaenses pela continuidade do trabalho como l\u00edder do Executivo. \u201cEstaremos lutando incansavelmente para fazer o melhor por todo povo de Mara\u00fa.\u201d, destacou o prefeito. Ap\u00f3s a oficializa\u00e7\u00e3o da posse, a ex-prefeita Gracinha Viana,\u00a0\u00a0diz ter convic\u00e7\u00e3o do\u00a0\u00f3timo trabalho que ser\u00e1 feito por Manass\u00e9s.\u00a0Emocionada, iniciou suas palavras agradecendo [&hellip;]<\/p>\n","protected":false},"author":2,"featured_media":126888,"comment_status":"open","ping_status":"closed","sticky":false,"template":"","format":"standard","meta":[],"categories":[27,11],"tags":[3598],"_links":{"self":[{"href":"https:\/\/www.barragrande24horas.com.br\/v1\/wp-json\/wp\/v2\/posts\/126887"}],"collection":[{"href":"https:\/\/www.barragrande24horas.com.br\/v1\/wp-json\/wp\/v2\/posts"}],"about":[{"href":"https:\/\/www.barragrande24horas.com.br\/v1\/wp-json\/wp\/v2\/types\/post"}],"author":[{"embeddable":true,"href":"https:\/\/www.barragrande24horas.com.br\/v1\/wp-json\/wp\/v2\/users\/2"}],"replies":[{"embeddable":true,"href":"https:\/\/www.barragrande24horas.com.br\/v1\/wp-json\/wp\/v2\/comments?post=126887"}],"version-history":[{"count":2,"href":"https:\/\/www.barragrande24horas.com.br\/v1\/wp-json\/wp\/v2\/posts\/126887\/revisions"}],"predecessor-version":[{"id":126900,"href":"https:\/\/www.barragrande24horas.com.br\/v1\/wp-json\/wp\/v2\/posts\/126887\/revisions\/126900"}],"wp:featuredmedia":[{"embeddable":true,"href":"https:\/\/www.barragrande24horas.com.br\/v1\/wp-json\/wp\/v2\/media\/126888"}],"wp:attachment":[{"href":"https:\/\/www.barragrande24horas.com.br\/v1\/wp-json\/wp\/v2\/media?parent=126887"}],"wp:term":[{"taxonomy":"category","embeddable":true,"href":"https:\/\/www.barragrande24horas.com.br\/v1\/wp-json\/wp\/v2\/categories?post=126887"},{"taxonomy":"post_tag","embeddable":true,"href":"https:\/\/www.barragrande24horas.com.br\/v1\/wp-json\/wp\/v2\/tags?post=126887"}],"curies":[{"name":"wp","href":"https:\/\/api.w.org\/{rel}","templated":true}]}}