{"id":126651,"date":"2020-12-15T02:24:31","date_gmt":"2020-12-15T05:24:31","guid":{"rendered":"http:\/\/www.barragrande24horas.com.br\/v1\/?p=126651"},"modified":"2020-12-15T03:09:23","modified_gmt":"2020-12-15T06:09:23","slug":"prefeitura-de-marau-monta-iluminacao-e-decoracao-natalina-em-barra-grande","status":"publish","type":"post","link":"https:\/\/www.barragrande24horas.com.br\/v1\/2020\/12\/15\/prefeitura-de-marau-monta-iluminacao-e-decoracao-natalina-em-barra-grande\/","title":{"rendered":"PREFEITURA DE MARA\u00da MONTA ILUMINA\u00c7\u00c3O E DECORA\u00c7\u00c3O NATALINA EM BARRA GRANDE"},"content":{"rendered":"<p>&nbsp;<\/p>\n<p><iframe loading=\"lazy\" title=\"NATAL EM BARRA GRANDE\" width=\"1200\" height=\"900\" src=\"https:\/\/www.youtube.com\/embed\/eF6-yKXhM9U?feature=oembed\" frameborder=\"0\" allow=\"accelerometer; autoplay; clipboard-write; encrypted-media; gyroscope; picture-in-picture\" allowfullscreen><\/iframe><\/p>\n<p>Mara\u00fa entrou definitivamente no clima de natal. A prefeitura tem como objetivo com a decora\u00e7\u00e3o de estimular a popula\u00e7\u00e3o mesmo diante da pandemia a entrar no clima festivo e, tamb\u00e9m, tornar a cidade ainda mais bonita neste per\u00edodo de festividades.<\/p>\n<div id=\"attachment_126653\" style=\"width: 595px\" class=\"wp-caption aligncenter\"><img aria-describedby=\"caption-attachment-126653\" loading=\"lazy\" class=\"wp-image-126653 \" src=\"http:\/\/www.barragrande24horas.com.br\/v1\/wp-content\/uploads\/2020\/12\/WhatsApp-Image-2020-12-15-at-03.04.11-2.jpeg\" alt=\"\" width=\"585\" height=\"439\" srcset=\"https:\/\/www.barragrande24horas.com.br\/v1\/wp-content\/uploads\/2020\/12\/WhatsApp-Image-2020-12-15-at-03.04.11-2.jpeg 1024w, https:\/\/www.barragrande24horas.com.br\/v1\/wp-content\/uploads\/2020\/12\/WhatsApp-Image-2020-12-15-at-03.04.11-2-400x300.jpeg 400w, https:\/\/www.barragrande24horas.com.br\/v1\/wp-content\/uploads\/2020\/12\/WhatsApp-Image-2020-12-15-at-03.04.11-2-768x576.jpeg 768w\" sizes=\"(max-width: 585px) 100vw, 585px\" \/><p id=\"caption-attachment-126653\" class=\"wp-caption-text\">Foto: Darlim Santos<\/p><\/div>\n<p>Os cen\u00e1rios e enfeites podem ser encontrados na pra\u00e7a das Mangueiras, em Barra Grande, na Sede de Mara\u00fa e nos pr\u00f3ximos dias no distrito de Ibia\u00e7\u00fa, na zona rural. As luzes de natal trazem um clima de festa e magia para a Pen\u00ednsula de Mara\u00fa.<\/p>\n<p><img loading=\"lazy\" class=\"aligncenter wp-image-126655 \" src=\"http:\/\/www.barragrande24horas.com.br\/v1\/wp-content\/uploads\/2020\/12\/WhatsApp-Image-2020-12-15-at-03.04.11.jpeg\" alt=\"\" width=\"585\" height=\"390\" srcset=\"https:\/\/www.barragrande24horas.com.br\/v1\/wp-content\/uploads\/2020\/12\/WhatsApp-Image-2020-12-15-at-03.04.11.jpeg 1024w, https:\/\/www.barragrande24horas.com.br\/v1\/wp-content\/uploads\/2020\/12\/WhatsApp-Image-2020-12-15-at-03.04.11-450x300.jpeg 450w, https:\/\/www.barragrande24horas.com.br\/v1\/wp-content\/uploads\/2020\/12\/WhatsApp-Image-2020-12-15-at-03.04.11-768x512.jpeg 768w\" sizes=\"(max-width: 585px) 100vw, 585px\" \/><\/p>\n<p>A decora\u00e7\u00e3o \u00e9 um convite \u00e0 confraterniza\u00e7\u00e3o e muitas fotos<b>. <\/b>Um\u00a0dos destaques da decora\u00e7\u00e3o este ano \u00e9 o pres\u00e9pio montado no centro da pra\u00e7a de Barra Grande, trazendo consigo a sensibilidade e o fortalecimento desta importante tradi\u00e7\u00e3o crist\u00e3.<\/p>\n<p><img loading=\"lazy\" class=\"aligncenter wp-image-126656 \" src=\"http:\/\/www.barragrande24horas.com.br\/v1\/wp-content\/uploads\/2020\/12\/WhatsApp-Image-2020-12-15-at-03.04.11-3.jpeg\" alt=\"\" width=\"582\" height=\"437\" srcset=\"https:\/\/www.barragrande24horas.com.br\/v1\/wp-content\/uploads\/2020\/12\/WhatsApp-Image-2020-12-15-at-03.04.11-3.jpeg 1024w, https:\/\/www.barragrande24horas.com.br\/v1\/wp-content\/uploads\/2020\/12\/WhatsApp-Image-2020-12-15-at-03.04.11-3-400x300.jpeg 400w, https:\/\/www.barragrande24horas.com.br\/v1\/wp-content\/uploads\/2020\/12\/WhatsApp-Image-2020-12-15-at-03.04.11-3-768x576.jpeg 768w\" sizes=\"(max-width: 582px) 100vw, 582px\" \/><img loading=\"lazy\" class=\"aligncenter wp-image-126657 \" src=\"http:\/\/www.barragrande24horas.com.br\/v1\/wp-content\/uploads\/2020\/12\/WhatsApp-Image-2020-12-15-at-03.04.11-4.jpeg\" alt=\"\" width=\"582\" height=\"437\" srcset=\"https:\/\/www.barragrande24horas.com.br\/v1\/wp-content\/uploads\/2020\/12\/WhatsApp-Image-2020-12-15-at-03.04.11-4.jpeg 1024w, https:\/\/www.barragrande24horas.com.br\/v1\/wp-content\/uploads\/2020\/12\/WhatsApp-Image-2020-12-15-at-03.04.11-4-400x300.jpeg 400w, https:\/\/www.barragrande24horas.com.br\/v1\/wp-content\/uploads\/2020\/12\/WhatsApp-Image-2020-12-15-at-03.04.11-4-768x576.jpeg 768w\" sizes=\"(max-width: 582px) 100vw, 582px\" \/><img loading=\"lazy\" class=\"aligncenter wp-image-126654 \" src=\"http:\/\/www.barragrande24horas.com.br\/v1\/wp-content\/uploads\/2020\/12\/WhatsApp-Image-2020-12-15-at-03.04.11-1.jpeg\" alt=\"\" width=\"581\" height=\"386\" srcset=\"https:\/\/www.barragrande24horas.com.br\/v1\/wp-content\/uploads\/2020\/12\/WhatsApp-Image-2020-12-15-at-03.04.11-1.jpeg 1024w, https:\/\/www.barragrande24horas.com.br\/v1\/wp-content\/uploads\/2020\/12\/WhatsApp-Image-2020-12-15-at-03.04.11-1-450x300.jpeg 450w, https:\/\/www.barragrande24horas.com.br\/v1\/wp-content\/uploads\/2020\/12\/WhatsApp-Image-2020-12-15-at-03.04.11-1-768x512.jpeg 768w\" sizes=\"(max-width: 581px) 100vw, 581px\" \/><\/p>\n<p>&nbsp;<\/p>\n<p><b>\u00a0<\/b><\/p>\n","protected":false},"excerpt":{"rendered":"<p>&nbsp; Mara\u00fa entrou definitivamente no clima de natal. A prefeitura tem como objetivo com a decora\u00e7\u00e3o de estimular a popula\u00e7\u00e3o mesmo diante da pandemia a entrar no clima festivo e, tamb\u00e9m, tornar a cidade ainda mais bonita neste per\u00edodo de festividades. Os cen\u00e1rios e enfeites podem ser encontrados na pra\u00e7a das Mangueiras, em Barra Grande, na Sede de Mara\u00fa e nos pr\u00f3ximos dias no distrito de Ibia\u00e7\u00fa, na zona rural. As luzes de natal trazem um clima de festa e magia para a Pen\u00ednsula de Mara\u00fa. A decora\u00e7\u00e3o \u00e9 um convite \u00e0 confraterniza\u00e7\u00e3o e muitas fotos. Um\u00a0dos destaques da decora\u00e7\u00e3o [&hellip;]<\/p>\n","protected":false},"author":2,"featured_media":126653,"comment_status":"open","ping_status":"closed","sticky":false,"template":"","format":"standard","meta":[],"categories":[26],"tags":[3550],"_links":{"self":[{"href":"https:\/\/www.barragrande24horas.com.br\/v1\/wp-json\/wp\/v2\/posts\/126651"}],"collection":[{"href":"https:\/\/www.barragrande24horas.com.br\/v1\/wp-json\/wp\/v2\/posts"}],"about":[{"href":"https:\/\/www.barragrande24horas.com.br\/v1\/wp-json\/wp\/v2\/types\/post"}],"author":[{"embeddable":true,"href":"https:\/\/www.barragrande24horas.com.br\/v1\/wp-json\/wp\/v2\/users\/2"}],"replies":[{"embeddable":true,"href":"https:\/\/www.barragrande24horas.com.br\/v1\/wp-json\/wp\/v2\/comments?post=126651"}],"version-history":[{"count":2,"href":"https:\/\/www.barragrande24horas.com.br\/v1\/wp-json\/wp\/v2\/posts\/126651\/revisions"}],"predecessor-version":[{"id":126658,"href":"https:\/\/www.barragrande24horas.com.br\/v1\/wp-json\/wp\/v2\/posts\/126651\/revisions\/126658"}],"wp:featuredmedia":[{"embeddable":true,"href":"https:\/\/www.barragrande24horas.com.br\/v1\/wp-json\/wp\/v2\/media\/126653"}],"wp:attachment":[{"href":"https:\/\/www.barragrande24horas.com.br\/v1\/wp-json\/wp\/v2\/media?parent=126651"}],"wp:term":[{"taxonomy":"category","embeddable":true,"href":"https:\/\/www.barragrande24horas.com.br\/v1\/wp-json\/wp\/v2\/categories?post=126651"},{"taxonomy":"post_tag","embeddable":true,"href":"https:\/\/www.barragrande24horas.com.br\/v1\/wp-json\/wp\/v2\/tags?post=126651"}],"curies":[{"name":"wp","href":"https:\/\/api.w.org\/{rel}","templated":true}]}}