{"id":124614,"date":"2020-07-07T14:14:27","date_gmt":"2020-07-07T17:14:27","guid":{"rendered":"http:\/\/www.barragrande24horas.com.br\/v1\/?p=124614"},"modified":"2020-07-07T14:14:28","modified_gmt":"2020-07-07T17:14:28","slug":"uesc-apresenta-programa-de-retomada-economica-de-municipios-afetados-pela-crise-durante-pandemia-da-covid-19","status":"publish","type":"post","link":"https:\/\/www.barragrande24horas.com.br\/v1\/2020\/07\/07\/uesc-apresenta-programa-de-retomada-economica-de-municipios-afetados-pela-crise-durante-pandemia-da-covid-19\/","title":{"rendered":"Uesc apresenta programa de retomada econ\u00f4mica de munic\u00edpios afetados pela crise durante pandemia da Covid-19"},"content":{"rendered":"<div class=\"mc-column content-text active-extra-styles \" data-block-type=\"unstyled\" data-block-weight=\"24\" data-block-id=\"2\">\n<p data-track-category=\"Link no Texto\" data-track-links=\"\"><a href=\"https:\/\/www.barragrande24horas.com.br\/v1\/wp-content\/uploads\/2020\/07\/campus-foto-marcolino-icone-72-.jpg\" class=\"gallery_colorbox\" rel=\"attachment wp-att-124615\"><img loading=\"lazy\" class=\" wp-image-124615 aligncenter\" src=\"http:\/\/www.barragrande24horas.com.br\/v1\/wp-content\/uploads\/2020\/07\/campus-foto-marcolino-icone-72-.jpg\"  alt=\"\" width=\"565\" height=\"408\" srcset=\"https:\/\/www.barragrande24horas.com.br\/v1\/wp-content\/uploads\/2020\/07\/campus-foto-marcolino-icone-72-.jpg 600w, https:\/\/www.barragrande24horas.com.br\/v1\/wp-content\/uploads\/2020\/07\/campus-foto-marcolino-icone-72--416x300.jpg 416w\" sizes=\"(max-width: 565px) 100vw, 565px\" \/><\/a><\/p>\n<p class=\"content-text__container \" data-track-category=\"Link no Texto\" data-track-links=\"\">A Universidade Estadual de Santa Cruz (Uesc) apresentou, na manh\u00e3 desta ter\u00e7a-feira (7), um programa de retomada econ\u00f4mica da regi\u00e3o sul da Bahia. O programa, que recebeu o nome em tupi-guarani &#8220;Amana&#8221;, que significa chuva, tem o objetivo de contribuir com a retomada econ\u00f4mica das regi\u00f5es imediatas em 43 munic\u00edpios da regi\u00e3o sul da Bahia.<\/p>\n<\/div>\n<div class=\"wall protected-content\">\n<div class=\"mc-column content-text active-extra-styles \" data-block-type=\"unstyled\" data-block-weight=\"50\" data-block-id=\"4\">\n<p class=\"content-text__container \" data-track-category=\"Link no Texto\" data-track-links=\"\">A equipe t\u00e9cnica da universidade vai oferecer cursos, consultorias, apoio jur\u00eddico e outros servi\u00e7os para pessoas f\u00edsicas, gestores p\u00fablicos municipais, empresas de pequeno porte, empreendedor individual, associa\u00e7\u00f5es e cooperativas da economia popular e solid\u00e1ria. A equipe \u00e9 formada por mais de 20 professores, mestres e doutores, t\u00e9cnicos administrativos da institui\u00e7\u00e3o.<\/p>\n<\/div>\n<div class=\"mc-column content-text active-extra-styles \" data-block-type=\"unstyled\" data-block-weight=\"40\" data-block-id=\"5\">\n<p class=\"content-text__container \" data-track-category=\"Link no Texto\" data-track-links=\"\">O Amana foi criado por meio da Assessoria de Planejamento (Asplan\/Uesc), programa voltado a ajudar a economia regional e recuper\u00e1-la. Os departamentos da universidade que aderiram ao programa s\u00e3o de Ci\u00eancias Econ\u00f4micas, de Administra\u00e7\u00e3o e Contabilidade e de Ci\u00eancias Jur\u00eddicas.<\/p>\n<\/div>\n<div class=\"mc-column content-text active-extra-styles \" data-block-type=\"unstyled\" data-block-weight=\"31\" data-block-id=\"6\">\n<p class=\"content-text__container \" data-track-category=\"Link no Texto\" data-track-links=\"\">De acordo com o professor Gustavo Joaquim Lisboa, gerente da Asplan, a recupera\u00e7\u00e3o econ\u00f4mica da regi\u00e3o, em consequ\u00eancia da pandemia, pode demorar alguns anos e, por isso, o programa \u00e9 importante.<\/p>\n<\/div>\n<div class=\"mc-column content-text active-extra-styles \" data-block-type=\"unstyled\" data-block-weight=\"59\" data-block-id=\"7\">\n<p class=\"content-text__container \" data-track-category=\"Link no Texto\" data-track-links=\"\">&#8220;Os planos de a\u00e7\u00e3o s\u00e3o espec\u00edficos e ser\u00e3o divulgados gradativamente. Tudo isso ser\u00e1 no seu devido tempo. Vamos construir pain\u00e9is informativos sobre as atividades comerciais e econ\u00f4micas. \u00c9 poss\u00edvel fazer pain\u00e9is em diversas \u00e1reas. Al\u00e9m de consultorias e assessorias, incluindo as empresas juniores da universidade. Elas tamb\u00e9m far\u00e3o esse apoio, al\u00e9m da parceria do Sebrae&#8221;, explica Lisboa.\u00a0<span style=\"font-family: inherit; font-size: inherit; font-style: inherit; font-variant-ligatures: inherit; font-variant-caps: inherit; font-weight: inherit; text-align: center;\">A Amana tem previs\u00e3o de execu\u00e7\u00e3o em dois anos podendo ser prorrogada ou at\u00e9 mesmo tornar-se permanente.<\/span><\/p>\n<\/div>\n<div class=\"mc-column content-text active-extra-styles \" data-block-type=\"unstyled\" data-block-weight=\"93\" data-block-id=\"10\">\n<p class=\"content-text__container \" data-track-category=\"Link no Texto\" data-track-links=\"\">Os munic\u00edpios de abrang\u00eancia vinculados \u00e0s a\u00e7\u00f5es do programa s\u00e3o da regi\u00e3o imediata de Ilh\u00e9us e Itabuna: Almadina, Aurelino Leal, Barro Preto, Buerarema, Coaraci, Firmino Alves, Floresta Azul, Ibicara\u00ed, Ibicu\u00ed, Ibirapitanga, Ilh\u00e9us, Itabuna, Itacar\u00e9, Itaju do Col\u00f4nia, Itaju\u00edpe, Itap\u00e9, Itapitanga, Mara\u00fa, Santa Cruz da Vit\u00f3ria, S\u00e3o Jos\u00e9 da Vit\u00f3ria, Ubaitaba, Uru\u00e7uca; da regi\u00e3o imediata de Camacan: Arataca, Camacan, Canavieiras, Jussari, Mascote, Pau Brasil, Santa Luzia e Una; da Regi\u00e3o imediata de Ipia\u00fa: Barra do Rocha, D\u00e1rio Meira, Gandu, Gongogi, Ibirataia, Ipia\u00fa, Itagib\u00e1, Itamari, Nova Ibi\u00e1, Pira\u00ed do Norte, Teol\u00e2ndia, Ubat\u00e3 e Wenceslau Guimar\u00e3es.<\/p>\n<\/div>\n<div class=\"mc-column content-text active-extra-styles\" data-block-type=\"raw\" data-block-weight=\"1\" data-block-id=\"11\">\n<div class=\"content-intertitle\">\n<h2><strong>Amana<\/strong><\/h2>\n<\/div>\n<\/div>\n<div class=\"mc-column content-text active-extra-styles \" data-block-type=\"unstyled\" data-block-weight=\"47\" data-block-id=\"12\">\n<p class=\"content-text__container \" data-track-category=\"Link no Texto\" data-track-links=\"\">Em tupi-guarani, Amana significa chuva, que sempre foi fundamental para o crescimento da lavoura regional e sin\u00f4nimo de prosperidade, sobretudo para os pequenos produtores e burareiros do sistema cabruca. A origem produtiva dessas regi\u00f5es sempre esteve relacionada, em maior ou menor grau, \u00e0s condi\u00e7\u00f5es clim\u00e1ticas e pluviom\u00e9tricas.<\/p>\n<\/div>\n<div class=\"mc-column content-text active-extra-styles \" data-block-type=\"unstyled\" data-block-weight=\"9\" data-block-id=\"13\">\n<p class=\"content-text__container \" data-track-category=\"Link no Texto\" data-track-links=\"\"><em>Veja mais not\u00edcias do estado no\u00a0<\/em><a href=\"https:\/\/g1.globo.com\/ba\/bahia\/ultimas-noticias\/\"><strong><em>G1 Bahia.<\/em><\/strong><\/a><\/p>\n<\/div>\n<div data-track-category=\"multicontent\" data-track-action=\"ultimo chunk conteudo\" data-track-noninteraction=\"false\" data-track-scroll=\"view\">\n<div class=\"block-podcast\"><\/div>\n<\/div>\n<\/div>\n","protected":false},"excerpt":{"rendered":"<p>A Universidade Estadual de Santa Cruz (Uesc) apresentou, na manh\u00e3 desta ter\u00e7a-feira (7), um programa de retomada econ\u00f4mica da regi\u00e3o sul da Bahia. O programa, que recebeu o nome em tupi-guarani &#8220;Amana&#8221;, que significa chuva, tem o objetivo de contribuir com a retomada econ\u00f4mica das regi\u00f5es imediatas em 43 munic\u00edpios da regi\u00e3o sul da Bahia. A equipe t\u00e9cnica da universidade vai oferecer cursos, consultorias, apoio jur\u00eddico e outros servi\u00e7os para pessoas f\u00edsicas, gestores p\u00fablicos municipais, empresas de pequeno porte, empreendedor individual, associa\u00e7\u00f5es e cooperativas da economia popular e solid\u00e1ria. A equipe \u00e9 formada por mais de 20 professores, mestres e [&hellip;]<\/p>\n","protected":false},"author":2,"featured_media":124615,"comment_status":"open","ping_status":"closed","sticky":false,"template":"","format":"standard","meta":[],"categories":[8],"tags":[3050],"_links":{"self":[{"href":"https:\/\/www.barragrande24horas.com.br\/v1\/wp-json\/wp\/v2\/posts\/124614"}],"collection":[{"href":"https:\/\/www.barragrande24horas.com.br\/v1\/wp-json\/wp\/v2\/posts"}],"about":[{"href":"https:\/\/www.barragrande24horas.com.br\/v1\/wp-json\/wp\/v2\/types\/post"}],"author":[{"embeddable":true,"href":"https:\/\/www.barragrande24horas.com.br\/v1\/wp-json\/wp\/v2\/users\/2"}],"replies":[{"embeddable":true,"href":"https:\/\/www.barragrande24horas.com.br\/v1\/wp-json\/wp\/v2\/comments?post=124614"}],"version-history":[{"count":2,"href":"https:\/\/www.barragrande24horas.com.br\/v1\/wp-json\/wp\/v2\/posts\/124614\/revisions"}],"predecessor-version":[{"id":124617,"href":"https:\/\/www.barragrande24horas.com.br\/v1\/wp-json\/wp\/v2\/posts\/124614\/revisions\/124617"}],"wp:featuredmedia":[{"embeddable":true,"href":"https:\/\/www.barragrande24horas.com.br\/v1\/wp-json\/wp\/v2\/media\/124615"}],"wp:attachment":[{"href":"https:\/\/www.barragrande24horas.com.br\/v1\/wp-json\/wp\/v2\/media?parent=124614"}],"wp:term":[{"taxonomy":"category","embeddable":true,"href":"https:\/\/www.barragrande24horas.com.br\/v1\/wp-json\/wp\/v2\/categories?post=124614"},{"taxonomy":"post_tag","embeddable":true,"href":"https:\/\/www.barragrande24horas.com.br\/v1\/wp-json\/wp\/v2\/tags?post=124614"}],"curies":[{"name":"wp","href":"https:\/\/api.w.org\/{rel}","templated":true}]}}