{"id":123828,"date":"2020-06-05T17:52:53","date_gmt":"2020-06-05T20:52:53","guid":{"rendered":"http:\/\/www.barragrande24horas.com.br\/v1\/?p=123828"},"modified":"2020-06-05T17:52:53","modified_gmt":"2020-06-05T20:52:53","slug":"secretaria-de-saude-de-marau-notifica-mais-6-novos-casos-de-coronavirus-na-zona-rural","status":"publish","type":"post","link":"https:\/\/www.barragrande24horas.com.br\/v1\/2020\/06\/05\/secretaria-de-saude-de-marau-notifica-mais-6-novos-casos-de-coronavirus-na-zona-rural\/","title":{"rendered":"SECRETARIA DE SA\u00daDE DE MARA\u00da NOTIFICA MAIS 6 NOVOS CASOS DE CORONAV\u00cdRUS NA ZONA RURAL\u00a0"},"content":{"rendered":"<p><a href=\"https:\/\/www.barragrande24horas.com.br\/v1\/wp-content\/uploads\/2020\/06\/WhatsApp-Image-2020-06-05-at-17.41.15.jpeg\" class=\"gallery_colorbox\" rel=\"attachment wp-att-123836\"><img loading=\"lazy\" class=\" wp-image-123836 aligncenter\" src=\"http:\/\/www.barragrande24horas.com.br\/v1\/wp-content\/uploads\/2020\/06\/WhatsApp-Image-2020-06-05-at-17.41.15.jpeg\"  alt=\"\" width=\"588\" height=\"678\" srcset=\"https:\/\/www.barragrande24horas.com.br\/v1\/wp-content\/uploads\/2020\/06\/WhatsApp-Image-2020-06-05-at-17.41.15.jpeg 887w, https:\/\/www.barragrande24horas.com.br\/v1\/wp-content\/uploads\/2020\/06\/WhatsApp-Image-2020-06-05-at-17.41.15-260x300.jpeg 260w, https:\/\/www.barragrande24horas.com.br\/v1\/wp-content\/uploads\/2020\/06\/WhatsApp-Image-2020-06-05-at-17.41.15-768x887.jpeg 768w\" sizes=\"(max-width: 588px) 100vw, 588px\" \/><\/a><\/p>\n<p>A Prefeitura de Mara\u00fa, por meio da Secretaria Municipal de Sa\u00fade, atrav\u00e9s da coordena\u00e7\u00e3o de Vigil\u00e2ncia Epidemiol\u00f3gica, vem atualizar n\u00fameros de casos de pessoas contaminadas e suspeitas pela COVID-19.\u00a0 No dia de ontem, 04 de junho, a esquipe da Vigil\u00e2ncia Epidemiol\u00f3gica e da Aten\u00e7\u00e3o b\u00e1sica do munic\u00edpio se deslocou para a regi\u00e3o dos Baet\u00e9s, zona rural do munic\u00edpio, ap\u00f3s receber den\u00fancia de que na localidade haviam pessoas com sintomas do COVID que se recusavam a buscar os servi\u00e7os de sa\u00fade.<\/p>\n<p>Na localidade foram encontradas muitas pessoas adoecidas com sintomas da doen\u00e7a, das quais 05 testaram positivo atrav\u00e9s do teste r\u00e1pido, e 5 foram coletados para envio ao LACEN. Na data de hoje a secretara de sa\u00fade recebeu resultado do paciente da regi\u00e3o de Santa Maria, totalizando o n\u00famero de 6 casos confirmados para COVID 19 no munic\u00edpio.<\/p>\n<p>Desta forma o boletim desta sexta-feira, (05\/06), consta mais 6 casos confirmados e 6 suspeitos com coletas de exames. Subindo assim para 11 o n\u00fameros de casos confirmados.<\/p>\n<p>A Secretaria de Sa\u00fade diante da situa\u00e7\u00e3o atual, vem fazer um alerta a toda popula\u00e7\u00e3o da zona rural e cidades vizinhas para que redobrem os cuidados e que busquem as unidades de sa\u00fade mais pr\u00f3ximas em caso de apresentarem sinais gripais, tais como febre, dor de cabe\u00e7a, dor no corpo, aus\u00eancia de paladar e olfato.<\/p>\n<p>A secretaria suspeita de que o v\u00edrus esteja circulando em toda zona rural em raz\u00e3o das feiras livres e do fato de muitos destes pacientes terem mantido contato com parentes e amigos que emigraram ou retornaram de zonas e cidades de risco. A secretaria alerta tamb\u00e9m que as cidades circunvizinhas devem estar atentas com o aparecimento de novos casos dada a situa\u00e7\u00e3o encontrada, tendo em vista as rela\u00e7\u00f5es comerciais atrav\u00e9s das feiras livres e venda de seus produtos.<\/p>\n<p>Esperamos mediante tudo que foi informado que todos possam refor\u00e7ar a necessidade de uso de m\u00e1scaras sempre que estiverem fora de suas casas. A lavagem constante das m\u00e3os e cuidado quanto as aglomera\u00e7\u00f5es. Dia a dia cresce o n\u00famero de contaminados e a rede publica de sa\u00fade j\u00e1 n\u00e3o possui mais leitos para interna\u00e7\u00e3o em nossa regi\u00e3o. O risco de agravamento dos casos com poss\u00edveis mortes existe e precisamos evitar. O poder p\u00fablico precisa da colabora\u00e7\u00e3o de todos.<\/p>\n<p style=\"text-align: center;\"><strong>ASCOM &#8211; Prefeitura de Mara\u00fa\u00a0<\/strong><\/p>\n","protected":false},"excerpt":{"rendered":"<p>A Prefeitura de Mara\u00fa, por meio da Secretaria Municipal de Sa\u00fade, atrav\u00e9s da coordena\u00e7\u00e3o de Vigil\u00e2ncia Epidemiol\u00f3gica, vem atualizar n\u00fameros de casos de pessoas contaminadas e suspeitas pela COVID-19.\u00a0 No dia de ontem, 04 de junho, a esquipe da Vigil\u00e2ncia Epidemiol\u00f3gica e da Aten\u00e7\u00e3o b\u00e1sica do munic\u00edpio se deslocou para a regi\u00e3o dos Baet\u00e9s, zona rural do munic\u00edpio, ap\u00f3s receber den\u00fancia de que na localidade haviam pessoas com sintomas do COVID que se recusavam a buscar os servi\u00e7os de sa\u00fade. Na localidade foram encontradas muitas pessoas adoecidas com sintomas da doen\u00e7a, das quais 05 testaram positivo atrav\u00e9s do teste r\u00e1pido, [&hellip;]<\/p>\n","protected":false},"author":2,"featured_media":123836,"comment_status":"open","ping_status":"closed","sticky":false,"template":"","format":"standard","meta":[],"categories":[29,17,27],"tags":[2832],"_links":{"self":[{"href":"https:\/\/www.barragrande24horas.com.br\/v1\/wp-json\/wp\/v2\/posts\/123828"}],"collection":[{"href":"https:\/\/www.barragrande24horas.com.br\/v1\/wp-json\/wp\/v2\/posts"}],"about":[{"href":"https:\/\/www.barragrande24horas.com.br\/v1\/wp-json\/wp\/v2\/types\/post"}],"author":[{"embeddable":true,"href":"https:\/\/www.barragrande24horas.com.br\/v1\/wp-json\/wp\/v2\/users\/2"}],"replies":[{"embeddable":true,"href":"https:\/\/www.barragrande24horas.com.br\/v1\/wp-json\/wp\/v2\/comments?post=123828"}],"version-history":[{"count":2,"href":"https:\/\/www.barragrande24horas.com.br\/v1\/wp-json\/wp\/v2\/posts\/123828\/revisions"}],"predecessor-version":[{"id":123838,"href":"https:\/\/www.barragrande24horas.com.br\/v1\/wp-json\/wp\/v2\/posts\/123828\/revisions\/123838"}],"wp:featuredmedia":[{"embeddable":true,"href":"https:\/\/www.barragrande24horas.com.br\/v1\/wp-json\/wp\/v2\/media\/123836"}],"wp:attachment":[{"href":"https:\/\/www.barragrande24horas.com.br\/v1\/wp-json\/wp\/v2\/media?parent=123828"}],"wp:term":[{"taxonomy":"category","embeddable":true,"href":"https:\/\/www.barragrande24horas.com.br\/v1\/wp-json\/wp\/v2\/categories?post=123828"},{"taxonomy":"post_tag","embeddable":true,"href":"https:\/\/www.barragrande24horas.com.br\/v1\/wp-json\/wp\/v2\/tags?post=123828"}],"curies":[{"name":"wp","href":"https:\/\/api.w.org\/{rel}","templated":true}]}}