{"id":123546,"date":"2020-05-24T14:27:28","date_gmt":"2020-05-24T17:27:28","guid":{"rendered":"http:\/\/www.barragrande24horas.com.br\/v1\/?p=123546"},"modified":"2020-05-24T14:27:29","modified_gmt":"2020-05-24T17:27:29","slug":"militares-da-reserva-atacam-stf-apoiam-general-augusto-heleno-e-alertam-para-guerra-civil","status":"publish","type":"post","link":"https:\/\/www.barragrande24horas.com.br\/v1\/2020\/05\/24\/militares-da-reserva-atacam-stf-apoiam-general-augusto-heleno-e-alertam-para-guerra-civil\/","title":{"rendered":"Militares da reserva atacam STF, apoiam general Augusto Heleno e alertam para guerra civil"},"content":{"rendered":"<div id=\"attachment_123547\" style=\"width: 586px\" class=\"wp-caption aligncenter\"><a href=\"https:\/\/www.barragrande24horas.com.br\/v1\/wp-content\/uploads\/2020\/05\/general-augusto-heleno-ribeiro-pereira-no-haiti-1505913458261_956x500.jpg\" class=\"gallery_colorbox\" rel=\"attachment wp-att-123547\"><img aria-describedby=\"caption-attachment-123547\" loading=\"lazy\" class=\" wp-image-123547\" src=\"http:\/\/www.barragrande24horas.com.br\/v1\/wp-content\/uploads\/2020\/05\/general-augusto-heleno-ribeiro-pereira-no-haiti-1505913458261_956x500.jpg\"  alt=\"\" width=\"576\" height=\"301\" srcset=\"https:\/\/www.barragrande24horas.com.br\/v1\/wp-content\/uploads\/2020\/05\/general-augusto-heleno-ribeiro-pereira-no-haiti-1505913458261_956x500.jpg 956w, https:\/\/www.barragrande24horas.com.br\/v1\/wp-content\/uploads\/2020\/05\/general-augusto-heleno-ribeiro-pereira-no-haiti-1505913458261_956x500-574x300.jpg 574w, https:\/\/www.barragrande24horas.com.br\/v1\/wp-content\/uploads\/2020\/05\/general-augusto-heleno-ribeiro-pereira-no-haiti-1505913458261_956x500-768x402.jpg 768w\" sizes=\"(max-width: 576px) 100vw, 576px\" \/><\/a><p id=\"caption-attachment-123547\" class=\"wp-caption-text\">General Augusto Heleno \u00e9 atual Ministro do GSI (Gabinete de Seguran\u00e7a Institucional), Ex-comandante de tropas no Haiti .<\/p><\/div>\n<p>Um grupo de militares da reserva assinou uma nota de apoio ao ministro do GSI (Gabinete de Seguran\u00e7a Institucional), general Augusto Heleno, que falou em &#8220;consequ\u00eancias imprevis\u00edveis&#8221; caso o presidente Jair Bolsonaro (sem partido) seja obrigado a entregar seu telefone celular para per\u00edcia na investiga\u00e7\u00e3o que apura se ele interferiu na PF (Pol\u00edcia Federal).<\/p>\n<p>Na nota, os militares, colegas de Heleno na Academia das Agulhas Negras, alertam para um cen\u00e1rio extremo, de &#8220;guerra civil&#8221;. Dizem que falta &#8220;dec\u00eancia&#8221; e &#8220;patriotismo&#8221; a parte dos ministros do STF (Supremo Tribunal Federal).\u00a0&#8220;Assim, trazem ao pa\u00eds inseguran\u00e7a e instabilidade, com grave risco de crise institucional com desfecho imprevis\u00edvel, qui\u00e7\u00e1, na pior hip\u00f3tese, guerra civil.&#8221; Bolsonaro responde a um inqu\u00e9rito no STF em que foi acusado pelo ex-ministro Sergio Moro de interferir na PF.<\/p>\n<p>O v\u00eddeo divulgado de uma reuni\u00e3o ministerial ser\u00e1 usado como evid\u00eancia para avaliar se a interfer\u00eancia do presidente no comando da corpora\u00e7\u00e3o no Rio de Janeiro visava a evitar problemas com seus amigos e familiares, o que configura um desvio de fun\u00e7\u00e3o.<\/p>\n<p>A nota \u00e9 assinada por dezenas de militares da reserva. Um deles \u00e9 o integrante da Comiss\u00e3o de Anistia, o general Luiz Eduardo Rocha Paiva. Paiva disse ao UOL que o termo &#8220;guerra civil&#8221; \u00e9 o \u00faltimo cen\u00e1rio caso o conflito com o Judici\u00e1rio n\u00e3o seja resolvido antes de uma &#8220;crise institucional&#8221; e de uma &#8220;convuls\u00e3o social&#8221;. Mas ele disse que essa &#8220;possibilidade&#8221; pode e deve ser evitada antes.<\/p>\n<p>Crise institucional e convuls\u00e3o social Segundo Paiva, &#8220;a tomada de posi\u00e7\u00e3o do general Heleno foi compreens\u00edvel, uma vez que est\u00e1 havendo um conflito entre Poderes, com o Poder Judici\u00e1rio interferindo totalmente no Poder Executivo.&#8221; Isso quebra o equil\u00edbrio entre Poderes. Se h\u00e1 um conflito entre Poderes, isso pode levar a uma crise institucional e a uma convuls\u00e3o social. Est\u00e1 havendo uma interfer\u00eancia muito forte principalmente pelo ministro Celso de Mello e o Alexandre de Moraes. General Luiz Eduardo Rocha Paiva.<\/p>\n<p>Na nota, os militares dizem: &#8220;Alto l\u00e1, &#8216;ministros&#8217; do STF!&#8221;. O grupo desqualifica a forma\u00e7\u00e3o jur\u00eddica dos ministros, porque muitos eram advogados, e n\u00e3o ju\u00edzes de carreira antes de serem indicados e sabatinados para chegarem ao posto. A Constitui\u00e7\u00e3o Federal n\u00e3o exige que ministros da Corte tenham sido magistrados antes. Segundo os militares, os ministros do Supremo seriam um &#8220;bando de apadrinhados&#8221;.<\/p>\n<p>&nbsp;<\/p>\n","protected":false},"excerpt":{"rendered":"<p>Um grupo de militares da reserva assinou uma nota de apoio ao ministro do GSI (Gabinete de Seguran\u00e7a Institucional), general Augusto Heleno, que falou em &#8220;consequ\u00eancias imprevis\u00edveis&#8221; caso o presidente Jair Bolsonaro (sem partido) seja obrigado a entregar seu telefone celular para per\u00edcia na investiga\u00e7\u00e3o que apura se ele interferiu na PF (Pol\u00edcia Federal). Na nota, os militares, colegas de Heleno na Academia das Agulhas Negras, alertam para um cen\u00e1rio extremo, de &#8220;guerra civil&#8221;. Dizem que falta &#8220;dec\u00eancia&#8221; e &#8220;patriotismo&#8221; a parte dos ministros do STF (Supremo Tribunal Federal).\u00a0&#8220;Assim, trazem ao pa\u00eds inseguran\u00e7a e instabilidade, com grave risco de crise [&hellip;]<\/p>\n","protected":false},"author":2,"featured_media":123547,"comment_status":"open","ping_status":"closed","sticky":false,"template":"","format":"standard","meta":[],"categories":[17,19],"tags":[2761,2760],"_links":{"self":[{"href":"https:\/\/www.barragrande24horas.com.br\/v1\/wp-json\/wp\/v2\/posts\/123546"}],"collection":[{"href":"https:\/\/www.barragrande24horas.com.br\/v1\/wp-json\/wp\/v2\/posts"}],"about":[{"href":"https:\/\/www.barragrande24horas.com.br\/v1\/wp-json\/wp\/v2\/types\/post"}],"author":[{"embeddable":true,"href":"https:\/\/www.barragrande24horas.com.br\/v1\/wp-json\/wp\/v2\/users\/2"}],"replies":[{"embeddable":true,"href":"https:\/\/www.barragrande24horas.com.br\/v1\/wp-json\/wp\/v2\/comments?post=123546"}],"version-history":[{"count":2,"href":"https:\/\/www.barragrande24horas.com.br\/v1\/wp-json\/wp\/v2\/posts\/123546\/revisions"}],"predecessor-version":[{"id":123549,"href":"https:\/\/www.barragrande24horas.com.br\/v1\/wp-json\/wp\/v2\/posts\/123546\/revisions\/123549"}],"wp:featuredmedia":[{"embeddable":true,"href":"https:\/\/www.barragrande24horas.com.br\/v1\/wp-json\/wp\/v2\/media\/123547"}],"wp:attachment":[{"href":"https:\/\/www.barragrande24horas.com.br\/v1\/wp-json\/wp\/v2\/media?parent=123546"}],"wp:term":[{"taxonomy":"category","embeddable":true,"href":"https:\/\/www.barragrande24horas.com.br\/v1\/wp-json\/wp\/v2\/categories?post=123546"},{"taxonomy":"post_tag","embeddable":true,"href":"https:\/\/www.barragrande24horas.com.br\/v1\/wp-json\/wp\/v2\/tags?post=123546"}],"curies":[{"name":"wp","href":"https:\/\/api.w.org\/{rel}","templated":true}]}}