{"id":123517,"date":"2020-05-23T20:56:12","date_gmt":"2020-05-23T23:56:12","guid":{"rendered":"http:\/\/www.barragrande24horas.com.br\/v1\/?p=123517"},"modified":"2020-05-23T20:56:12","modified_gmt":"2020-05-23T23:56:12","slug":"bahia-chega-a-413-mortes-de-pacientes-com-coronavirus-n-de-casos-sobe-para-13-mil","status":"publish","type":"post","link":"https:\/\/www.barragrande24horas.com.br\/v1\/2020\/05\/23\/bahia-chega-a-413-mortes-de-pacientes-com-coronavirus-n-de-casos-sobe-para-13-mil\/","title":{"rendered":"Bahia chega a 413 mortes de pacientes com coronav\u00edrus; n\u00b0 de casos sobe para 13 mil"},"content":{"rendered":"<div class=\"mc-column content-text active-extra-styles \" data-block-type=\"unstyled\" data-block-weight=\"44\" data-block-id=\"2\">\n<p data-track-category=\"Link no Texto\" data-track-links=\"\"><a href=\"https:\/\/www.barragrande24horas.com.br\/v1\/wp-content\/uploads\/2020\/05\/banner_corona_742x402-equal.jpg\" class=\"gallery_colorbox\" rel=\"attachment wp-att-123200\"><img loading=\"lazy\" class=\" wp-image-123200 aligncenter\" src=\"http:\/\/www.barragrande24horas.com.br\/v1\/wp-content\/uploads\/2020\/05\/banner_corona_742x402-equal.jpg\"  alt=\"\" width=\"582\" height=\"316\" srcset=\"https:\/\/www.barragrande24horas.com.br\/v1\/wp-content\/uploads\/2020\/05\/banner_corona_742x402-equal.jpg 742w, https:\/\/www.barragrande24horas.com.br\/v1\/wp-content\/uploads\/2020\/05\/banner_corona_742x402-equal-554x300.jpg 554w\" sizes=\"(max-width: 582px) 100vw, 582px\" \/><\/a><\/p>\n<p class=\"content-text__container \" data-track-category=\"Link no Texto\" data-track-links=\"\">A Bahia registrou 443 novos pacientes com coronav\u00edrus nas \u00faltimas 24 horas, segundo o boletim divulgado pela Secretaria de Sa\u00fade (Sesab), no in\u00edcio da noite desta s\u00e1bado (23). Com a atualiza\u00e7\u00e3o, o estado totaliza 13 mil pessoas contaminadas com a Covid-19, com 413 mortes.<\/p>\n<\/div>\n<div class=\"wall protected-content\">\n<div class=\"mc-column content-text active-extra-styles\" data-block-type=\"raw\" data-block-weight=\"26\" data-block-id=\"3\">\n<div class=\"mc-column content-text active-extra-styles \" data-block-type=\"unstyled\" data-block-weight=\"33\" data-block-id=\"4\">\n<p class=\"content-text__container \" data-track-category=\"Link no Texto\" data-track-links=\"\"><strong>Dos 13 mil casos confirmados, 1.987 foram de profissionais de sa\u00fade.<\/strong>\u00a0Segundo informa\u00e7\u00f5es da Sesab, os 14 novos \u00f3bitos foram registrados em Salvador, Ilh\u00e9us, Itabuna, Jequi\u00e9 e Lauro de Freitas. Confira os casos:<\/p>\n<\/div>\n<div class=\"mc-column content-text active-extra-styles\" data-block-type=\"raw\" data-block-weight=\"426\" data-block-id=\"5\">\n<ul class=\"content-unordered-list\">\n<li>400\u00ba \u00f3bito -mulher, 69 anos, residente em Salvador, portadora de diabetes mellitus, deu entrada no dia 15\/05 e veio a \u00f3bito dia 21\/05, em hospital da rede p\u00fablica em Salvador;<\/li>\n<li>401\u00ba \u00f3bito \u2013 mulher, 80 anos, residente em Salvador, portadora de diabetes mellitus e hipertens\u00e3o arterial, internada dia 11\/05, veio a \u00f3bito dia 21\/05, em hospital p\u00fablico em Salvador;<\/li>\n<li>402\u00ba \u00f3bito \u2013 homem, 46 anos, residente em Jequi\u00e9, portador de diabetes mellitus, hipertens\u00e3o arterial e obesidade, internado dia 16\/05, veio a \u00f3bito dia 22\/05, em hospital da rede p\u00fablica em Jequi\u00e9;<\/li>\n<li>403\u00ba \u00f3bito, mulher, 53 anos, residente em Salvador, portadora de diabetes mellitus, doen\u00e7a cardiovascular e obesidade, internada dia 15\/04, veio a \u00f3bito dia15\/05, em hospital p\u00fablico em Salvador;<\/li>\n<li>404\u00ba \u00f3bito \u2013 mulher, 45 anos, residente em Lauro de Freitas, portadora de neoplasia e obesidade, admitida dia 20\/05, veio a \u00f3bito no mesmo dia, em unidade p\u00fablica em Lauro de Freitas;<\/li>\n<li>405\u00ba \u00f3bito \u2013 mulher, 42 anos, residente em Salvador, portadora de hipertens\u00e3o arterial e obesidade, internada dia 30\/04, veio a \u00f3bito dia 19\/05, em hospital da rede p\u00fablica em Salvador;<\/li>\n<li>406\u00ba \u00f3bito \u2013 mulher, 74 anos, residente em Salvador, portadora de hipertens\u00e3o arterial, foi internada dia 05\/05 e veio a \u00f3bito dia 20\/05, em hospital da rede p\u00fablica em Salvador;<\/li>\n<li>407\u00ba \u00f3bito \u2013 homem, 52 anos, residente em Salvador, portador de hipertens\u00e3o arterial, diabetes mellitus e doen\u00e7a renal cr\u00f4nica, foi internado dia 06\/05 e veio a \u00f3bito dia 20\/05, em hospital da rede p\u00fablica em Salvador;<\/li>\n<li>408\u00ba \u00f3bito \u2013 mulher, 49 anos, residente em Salvador, comorbidades hipertens\u00e3o arterial e obesidade, deu entrada dia 11\/05 e veio a \u00f3bito dia 13\/05 em unidade da rede p\u00fablica, em Salvador;<\/li>\n<li>409\u00ba \u00f3bito \u2013 homem, 89 anos, residente em Ilh\u00e9us, comorbidade doen\u00e7a neurol\u00f3gica cr\u00f4nica, deu entrada dia 28\/04 e veio a \u00f3bito dia 17\/05, em unidade da rede p\u00fablica, em Ilh\u00e9us;<\/li>\n<li>410\u00ba \u00f3bito \u2013 homem, 48 anos, residente em Juazeiro, sem comorbidades, deu entrada dia 20\/04 e veio a \u00f3bito dia 17\/05, em unidade da rede da rede p\u00fablica, em Petrolina;<\/li>\n<li>411\u00ba \u00f3bito \u2013 mulher, 49 anos, residente em Ilh\u00e9us, sem comorbidades, deu entrada dia 09\/05 e veio a \u00f3bito dia 18\/05, em unidade da rede p\u00fablica, em Ilh\u00e9us;<\/li>\n<li>412\u00ba \u00f3bito \u2013 homem, 92 anos, residente em Ilh\u00e9us, comorbidade doen\u00e7a pulmonar pr\u00e9via, deu entrada dia 07\/05 e veio a \u00f3bito dia 17\/05, em unidade da rede p\u00fablica, em Ilh\u00e9us;<\/li>\n<li>413\u00ba \u00f3bito \u2013 mulher, 92 anos, residente em Itabuna, comorbidade doen\u00e7a pulmonar pr\u00e9via, deu entrada dia 01\/05 e veio a \u00f3bito dia 13\/05, em unidade da rede p\u00fablica, em Salvador.<\/li>\n<\/ul>\n<\/div>\n<div class=\"content-ads content-ads--reveal\" data-block-type=\"ads\" data-block-id=\"6\">\n<div id=\"banner_materia2\" class=\"tag-manager-publicidade-container mc-has-reveal mc-has-ad-lazyload tag-manager-publicidade-banner_materia2 tag-manager-publicidade-container--carregado tag-manager-publicidade-container--visivel\" data-id=\"banner_materia2\" data-google-query-id=\"CKHn-sOXy-kCFUX6hwodqJUPbw\" data-cid=\"138307877777\" data-lid=\"5368513405\">\n<div id=\"google_ads_iframe_\/95377733\/tvg_G1\/Sua_Regiao&gt;Nordeste&gt;Bahia_2__container__\" style=\"box-sizing: inherit; margin: auto; padding: 0px; border: 0pt none; font: inherit; vertical-align: baseline; width: 970px; max-width: 100%; text-align: center; height: 250px;\"><iframe loading=\"lazy\" id=\"google_ads_iframe_\/95377733\/tvg_G1\/Sua_Regiao&gt;Nordeste&gt;Bahia_2\" style=\"box-sizing: inherit; margin: 0px; padding: 0px; border: 0px; font: inherit; vertical-align: bottom;\" title=\"3rd party ad content\" src=\"https:\/\/tpc.googlesyndication.com\/safeframe\/1-0-37\/html\/container.html\" name=\"\" width=\"970\" height=\"250\" frameborder=\"0\" marginwidth=\"0\" marginheight=\"0\" scrolling=\"no\" sandbox=\"allow-forms allow-pointer-lock allow-popups allow-popups-to-escape-sandbox allow-same-origin allow-scripts allow-top-navigation-by-user-activation\" data-is-safeframe=\"true\" data-google-container-id=\"3\" data-load-complete=\"true\"><\/iframe><\/div>\n<\/div>\n<\/div>\n<div class=\"mc-column content-text active-extra-styles \" data-block-type=\"unstyled\" data-block-weight=\"184\" data-block-id=\"7\">\n<p class=\"content-text__container \" data-track-category=\"Link no Texto\" data-track-links=\"\">Do total do n\u00famero de mortes, 263 ocorreram em Salvador. As outras 143 foram em Adustina (1); \u00c1gua Fria (1); Alagoinhas (1); Amargosa (1); Anag\u00e9 (1); Araci (1); Barra (1); Belmonte (1); Buerarema (3); Cama\u00e7ari (4); Canavieiras (1); Capim Grosso (3); Catu (1); Coaraci (2); Dias D&#8217;\u00c1vila (2); Feira de Santana (3); Gandu (1); Gongogi (2); Ia\u00e7u (2); Ibirapitanga (1); Ibirataia (1); Ilh\u00e9us (23); Ipia\u00fa (4); Itaberaba (1); Itabuna (21); Itagib\u00e1 (1); Itaju\u00edpe (1); Itap\u00e9 (2); Itarantim (1); Itapetinga (2); Itanagra (1); Itatim (1); Iti\u00faba (1); Jacobina (1); Jequi\u00e9 (6); Jita\u00fana (1); Juazeiro (3); Lauro de Freitas (7); Manoel Vitorino (1); Maragogipe (1); Mara\u00fa (2); Miguel Calmon (1); Mirante (1); Mundo Novo (1); Muritiba (1); Nilo Pe\u00e7anha (1); Paramirim (1); Ponto Novo (1); Porto Seguro (1); Ribeira do Pombal (1); S\u00e3o Francisco do Conde (2); S\u00e3o Sebasti\u00e3o do Pass\u00e9 (1); Seabra (1); Senhor do Bonfim (1); Sim\u00f5es Filho (3); Ubaitaba (1); Uru\u00e7uca (6); Utinga (1); Valente (1); V\u00e1rzea da Ro\u00e7a (1); Vera Cruz (1); Vereda (1) e Vit\u00f3ria da Conquista (4). Estes n\u00fameros contabilizam todos os registros de janeiro at\u00e9 as 17h desta sexta.<\/p>\n<\/div>\n<div class=\"mc-column content-text active-extra-styles \" data-block-type=\"unstyled\" data-block-weight=\"57\" data-block-id=\"8\">\n<p class=\"content-text__container \" data-track-category=\"Link no Texto\" data-track-links=\"\">Na Bahia, dos 1.459 leitos dispon\u00edveis do Sistema \u00danico de Sa\u00fade (SUS) exclusivos para Covid-19, 819 possuem pacientes internados, o que representa uma taxa de ocupa\u00e7\u00e3o de 53%. No que se refere aos leitos de UTI adulto e pedi\u00e1trico, dos 593 leitos exclusivos para o coronav\u00edrus, 433 possuem pacientes internados, compreendendo uma taxa de ocupa\u00e7\u00e3o de 73%.<\/p>\n<\/div>\n<div class=\"mc-column content-text active-extra-styles \" data-block-type=\"unstyled\" data-block-weight=\"47\" data-block-id=\"9\">\n<p class=\"content-text__container \" data-track-category=\"Link no Texto\" data-track-links=\"\">A Sesab destaca que o n\u00famero de leitos \u00e9 flutuante, representando o quantitativo exato de vagas dispon\u00edveis no dia. Intercorr\u00eancias com equipamentos, rede de gases ou equipes incompletas, por exemplo, inviabilizam a disponibilidade do leito. Ressalte-se que novos leitos s\u00e3o abertos progressivamente mediante o aumento da demanda.\u200b<\/p>\n<\/div>\n<div class=\"mc-column content-text active-extra-styles \" data-block-type=\"unstyled\" data-block-weight=\"28\" data-block-id=\"10\">\n<p class=\"content-text__container \" data-track-category=\"Link no Texto\" data-track-links=\"\">Dos 13.000 casos confirmados, 3.934 recuperados e 413 \u00f3bitos, 8.653 pessoas permanecem monitoradas pela vigil\u00e2ncia epidemiol\u00f3gica e com sintomas da Covid-19, o que s\u00e3o chamados de casos ativos.<\/p>\n<\/div>\n<div class=\"content-ads content-ads--reveal\" data-block-type=\"ads\" data-block-id=\"11\">\n<div id=\"banner_materia__dc59cccf-a3a8-47a2-9158-3bd492f177a7\" class=\"tag-manager-publicidade-container mc-has-reveal mc-has-ad-lazyload tag-manager-publicidade-banner_materia__dc59cccf-a3a8-47a2-9158-3bd492f177a7 tag-manager-publicidade-container--carregado tag-manager-publicidade-container--visivel\" data-id=\"banner_materia__dc59cccf-a3a8-47a2-9158-3bd492f177a7\" data-google-query-id=\"CIfp5caXy-kCFc9Phgod770FrA\" data-cid=\"138308104626\" data-lid=\"5360813640\">\n<div id=\"google_ads_iframe_\/95377733\/tvg_G1\/Sua_Regiao&gt;Nordeste&gt;Bahia_3__container__\" style=\"box-sizing: inherit; margin: auto; padding: 0px; border: 0pt none; font: inherit; vertical-align: baseline; width: 970px; max-width: 100%; text-align: center;\"><iframe id=\"google_ads_iframe_\/95377733\/tvg_G1\/Sua_Regiao&gt;Nordeste&gt;Bahia_3\" style=\"box-sizing: inherit; margin: 0px; padding: 0px; border: 0px; font: inherit; vertical-align: bottom;\" title=\"3rd party ad content\" name=\"google_ads_iframe_\/95377733\/tvg_G1\/Sua_Regiao&gt;Nordeste&gt;Bahia_3\" width=\"970\" height=\"250\" frameborder=\"0\" marginwidth=\"0\" marginheight=\"0\" scrolling=\"no\" data-google-container-id=\"4\" data-load-complete=\"true\"><\/iframe><\/div>\n<\/div>\n<\/div>\n<div class=\"mc-column content-text active-extra-styles \" data-block-type=\"unstyled\" data-block-weight=\"38\" data-block-id=\"12\">\n<p class=\"content-text__container \" data-track-category=\"Link no Texto\" data-track-links=\"\">Os casos confirmados ocorreram em 240 munic\u00edpios do estado, com maior propor\u00e7\u00e3o em Salvador (64,21%). Os munic\u00edpios com os maiores coeficientes de incid\u00eancia por 1.000.000 habitantes foram Uru\u00e7uca (4.239,97), Ipia\u00fa (3.902,08), Itabuna (3.676,90), Ilh\u00e9us (3.123,33) e Salvador (2.794,23).<\/p>\n<\/div>\n<div class=\"mc-column content-text active-extra-styles\" data-block-type=\"raw\" data-block-weight=\"9\" data-block-id=\"13\">\n<div class=\"content-intertitle\">\n<h2>Confira os munic\u00edpios que registraram casos confirmados da Covid-19:<\/h2>\n<\/div>\n<\/div>\n<\/div>\n<\/div>\n","protected":false},"excerpt":{"rendered":"<p>A Bahia registrou 443 novos pacientes com coronav\u00edrus nas \u00faltimas 24 horas, segundo o boletim divulgado pela Secretaria de Sa\u00fade (Sesab), no in\u00edcio da noite desta s\u00e1bado (23). Com a atualiza\u00e7\u00e3o, o estado totaliza 13 mil pessoas contaminadas com a Covid-19, com 413 mortes. Dos 13 mil casos confirmados, 1.987 foram de profissionais de sa\u00fade.\u00a0Segundo informa\u00e7\u00f5es da Sesab, os 14 novos \u00f3bitos foram registrados em Salvador, Ilh\u00e9us, Itabuna, Jequi\u00e9 e Lauro de Freitas. Confira os casos: 400\u00ba \u00f3bito -mulher, 69 anos, residente em Salvador, portadora de diabetes mellitus, deu entrada no dia 15\/05 e veio a \u00f3bito dia 21\/05, em [&hellip;]<\/p>\n","protected":false},"author":2,"featured_media":123200,"comment_status":"open","ping_status":"closed","sticky":false,"template":"","format":"standard","meta":[],"categories":[17,19],"tags":[2749],"_links":{"self":[{"href":"https:\/\/www.barragrande24horas.com.br\/v1\/wp-json\/wp\/v2\/posts\/123517"}],"collection":[{"href":"https:\/\/www.barragrande24horas.com.br\/v1\/wp-json\/wp\/v2\/posts"}],"about":[{"href":"https:\/\/www.barragrande24horas.com.br\/v1\/wp-json\/wp\/v2\/types\/post"}],"author":[{"embeddable":true,"href":"https:\/\/www.barragrande24horas.com.br\/v1\/wp-json\/wp\/v2\/users\/2"}],"replies":[{"embeddable":true,"href":"https:\/\/www.barragrande24horas.com.br\/v1\/wp-json\/wp\/v2\/comments?post=123517"}],"version-history":[{"count":1,"href":"https:\/\/www.barragrande24horas.com.br\/v1\/wp-json\/wp\/v2\/posts\/123517\/revisions"}],"predecessor-version":[{"id":123518,"href":"https:\/\/www.barragrande24horas.com.br\/v1\/wp-json\/wp\/v2\/posts\/123517\/revisions\/123518"}],"wp:featuredmedia":[{"embeddable":true,"href":"https:\/\/www.barragrande24horas.com.br\/v1\/wp-json\/wp\/v2\/media\/123200"}],"wp:attachment":[{"href":"https:\/\/www.barragrande24horas.com.br\/v1\/wp-json\/wp\/v2\/media?parent=123517"}],"wp:term":[{"taxonomy":"category","embeddable":true,"href":"https:\/\/www.barragrande24horas.com.br\/v1\/wp-json\/wp\/v2\/categories?post=123517"},{"taxonomy":"post_tag","embeddable":true,"href":"https:\/\/www.barragrande24horas.com.br\/v1\/wp-json\/wp\/v2\/tags?post=123517"}],"curies":[{"name":"wp","href":"https:\/\/api.w.org\/{rel}","templated":true}]}}