{"id":123405,"date":"2020-05-20T13:07:10","date_gmt":"2020-05-20T16:07:10","guid":{"rendered":"http:\/\/www.barragrande24horas.com.br\/v1\/?p=123405"},"modified":"2020-05-20T13:07:11","modified_gmt":"2020-05-20T16:07:11","slug":"jequie-capitao-da-cipe-central-morre-vitima-da-covid-19","status":"publish","type":"post","link":"https:\/\/www.barragrande24horas.com.br\/v1\/2020\/05\/20\/jequie-capitao-da-cipe-central-morre-vitima-da-covid-19\/","title":{"rendered":"JEQUI\u00c9: CAPIT\u00c3O DA CIPE CENTRAL MORRE V\u00cdTIMA DA COVID-19"},"content":{"rendered":"<p><a href=\"https:\/\/www.barragrande24horas.com.br\/v1\/wp-content\/uploads\/2020\/05\/capit\u00e3o-marcelo.jpg\" class=\"gallery_colorbox\" rel=\"attachment wp-att-123406\"><img loading=\"lazy\" class=\" wp-image-123406 aligncenter\" src=\"http:\/\/www.barragrande24horas.com.br\/v1\/wp-content\/uploads\/2020\/05\/capit\u00e3o-marcelo.jpg\"  alt=\"\" width=\"574\" height=\"376\" srcset=\"https:\/\/www.barragrande24horas.com.br\/v1\/wp-content\/uploads\/2020\/05\/capit\u00e3o-marcelo.jpg 685w, https:\/\/www.barragrande24horas.com.br\/v1\/wp-content\/uploads\/2020\/05\/capit\u00e3o-marcelo-458x300.jpg 458w\" sizes=\"(max-width: 574px) 100vw, 574px\" \/><\/a><\/p>\n<p>O capit\u00e3o Marcelo de Souza Moura, de 41 anos, subcomandante da Companhia Independente de Policiamento Especializado (Cipe) Central, faleceu nesta quarta-feira (20), no Hospital Geral Prado Valadares, em Jequi\u00e9, v\u00edtima da covid-19. O policial estava internado na unidade h\u00e1 15 dias e integrava a PM h\u00e1 21 anos.<\/p>\n<p>O capit\u00e3o da Pol\u00edcia Militar deixa esposa, tamb\u00e9m da corpora\u00e7\u00e3o, e filho. Ele estava h\u00e1 13 dias internado na Unidade de Terapia Intensiva (UTI) do Prado Valadares. O comandante da Cipe Central, major F\u00e1bio Rodrigo, informou o falecimento e lembrou que a dedica\u00e7\u00e3o \u00e0 PM rendeu a Moura o t\u00edtulo de oficial padr\u00e3o da Cipe Central no ano passado.<strong>(Blog Pimenta)<\/strong><\/p>\n","protected":false},"excerpt":{"rendered":"<p>O capit\u00e3o Marcelo de Souza Moura, de 41 anos, subcomandante da Companhia Independente de Policiamento Especializado (Cipe) Central, faleceu nesta quarta-feira (20), no Hospital Geral Prado Valadares, em Jequi\u00e9, v\u00edtima da covid-19. O policial estava internado na unidade h\u00e1 15 dias e integrava a PM h\u00e1 21 anos. O capit\u00e3o da Pol\u00edcia Militar deixa esposa, tamb\u00e9m da corpora\u00e7\u00e3o, e filho. Ele estava h\u00e1 13 dias internado na Unidade de Terapia Intensiva (UTI) do Prado Valadares. O comandante da Cipe Central, major F\u00e1bio Rodrigo, informou o falecimento e lembrou que a dedica\u00e7\u00e3o \u00e0 PM rendeu a Moura o t\u00edtulo de oficial [&hellip;]<\/p>\n","protected":false},"author":2,"featured_media":123406,"comment_status":"open","ping_status":"closed","sticky":false,"template":"","format":"standard","meta":[],"categories":[17,20,3],"tags":[2721],"_links":{"self":[{"href":"https:\/\/www.barragrande24horas.com.br\/v1\/wp-json\/wp\/v2\/posts\/123405"}],"collection":[{"href":"https:\/\/www.barragrande24horas.com.br\/v1\/wp-json\/wp\/v2\/posts"}],"about":[{"href":"https:\/\/www.barragrande24horas.com.br\/v1\/wp-json\/wp\/v2\/types\/post"}],"author":[{"embeddable":true,"href":"https:\/\/www.barragrande24horas.com.br\/v1\/wp-json\/wp\/v2\/users\/2"}],"replies":[{"embeddable":true,"href":"https:\/\/www.barragrande24horas.com.br\/v1\/wp-json\/wp\/v2\/comments?post=123405"}],"version-history":[{"count":2,"href":"https:\/\/www.barragrande24horas.com.br\/v1\/wp-json\/wp\/v2\/posts\/123405\/revisions"}],"predecessor-version":[{"id":123408,"href":"https:\/\/www.barragrande24horas.com.br\/v1\/wp-json\/wp\/v2\/posts\/123405\/revisions\/123408"}],"wp:featuredmedia":[{"embeddable":true,"href":"https:\/\/www.barragrande24horas.com.br\/v1\/wp-json\/wp\/v2\/media\/123406"}],"wp:attachment":[{"href":"https:\/\/www.barragrande24horas.com.br\/v1\/wp-json\/wp\/v2\/media?parent=123405"}],"wp:term":[{"taxonomy":"category","embeddable":true,"href":"https:\/\/www.barragrande24horas.com.br\/v1\/wp-json\/wp\/v2\/categories?post=123405"},{"taxonomy":"post_tag","embeddable":true,"href":"https:\/\/www.barragrande24horas.com.br\/v1\/wp-json\/wp\/v2\/tags?post=123405"}],"curies":[{"name":"wp","href":"https:\/\/api.w.org\/{rel}","templated":true}]}}