{"id":122473,"date":"2020-04-16T12:45:59","date_gmt":"2020-04-16T15:45:59","guid":{"rendered":"http:\/\/www.barragrande24horas.com.br\/v1\/?p=122473"},"modified":"2020-04-16T12:45:59","modified_gmt":"2020-04-16T15:45:59","slug":"urucuca-confirma-2a-morte-causada-pelo-novo-coronavirus-no-municipio","status":"publish","type":"post","link":"https:\/\/www.barragrande24horas.com.br\/v1\/2020\/04\/16\/urucuca-confirma-2a-morte-causada-pelo-novo-coronavirus-no-municipio\/","title":{"rendered":"URU\u00c7UCA CONFIRMA 2\u00aa MORTE CAUSADA PELO NOVO CORONAV\u00cdRUS NO MUNIC\u00cdPIO"},"content":{"rendered":"<p><a href=\"https:\/\/www.barragrande24horas.com.br\/v1\/wp-content\/uploads\/2020\/04\/unnamed-1.png\" class=\"gallery_colorbox\" rel=\"attachment wp-att-122428\"><img loading=\"lazy\" class=\" wp-image-122428 aligncenter\" src=\"http:\/\/www.barragrande24horas.com.br\/v1\/wp-content\/uploads\/2020\/04\/unnamed-1.png\"  alt=\"\" width=\"526\" height=\"350\" srcset=\"https:\/\/www.barragrande24horas.com.br\/v1\/wp-content\/uploads\/2020\/04\/unnamed-1.png 512w, https:\/\/www.barragrande24horas.com.br\/v1\/wp-content\/uploads\/2020\/04\/unnamed-1-450x300.png 450w\" sizes=\"(max-width: 526px) 100vw, 526px\" \/><\/a><\/p>\n<p><a href=\"https:\/\/www.pimenta.blog.br\/\">Blog Pimenta<\/a><\/p>\n<p>Prefeitura de Uru\u00e7uca, no sul da Bahia, confirmou, h\u00e1 pouco, o segundo \u00f3bito pelo novo coronav\u00edrus (Covid-19) no munic\u00edpio. \u00c9 a 29\u00aa morte causada pela doen\u00e7a na Bahia.<\/p>\n<p>O paciente era um homem de 62 anos, segundo a Secretaria de Sa\u00fade do Munic\u00edpio, com hist\u00f3rico de outras doen\u00e7as associadas. Ele estava internado no Hospital Calixto Midlej Filho, em Itabuna, onde faleceu nesta quinta (16).<\/p>\n<p>O paciente e familiares j\u00e1 estavam em isolamento e monitorados desde o surgimento dos sintomas. O prefeito Moacyr Leite J\u00fanior lamentou a perda e prestou solidariedade \u00e0 fam\u00edlia. Moacyr refor\u00e7ou a recomenda\u00e7\u00e3o \u201cpara que todos continuem a adotar todas as medidas para se precaver e monitorem poss\u00edveis sintomas da doen\u00e7a\u201d e ressaltou a import\u00e2ncia do isolamento social.<\/p>\n","protected":false},"excerpt":{"rendered":"<p>Blog Pimenta Prefeitura de Uru\u00e7uca, no sul da Bahia, confirmou, h\u00e1 pouco, o segundo \u00f3bito pelo novo coronav\u00edrus (Covid-19) no munic\u00edpio. \u00c9 a 29\u00aa morte causada pela doen\u00e7a na Bahia. O paciente era um homem de 62 anos, segundo a Secretaria de Sa\u00fade do Munic\u00edpio, com hist\u00f3rico de outras doen\u00e7as associadas. Ele estava internado no Hospital Calixto Midlej Filho, em Itabuna, onde faleceu nesta quinta (16). O paciente e familiares j\u00e1 estavam em isolamento e monitorados desde o surgimento dos sintomas. O prefeito Moacyr Leite J\u00fanior lamentou a perda e prestou solidariedade \u00e0 fam\u00edlia. Moacyr refor\u00e7ou a recomenda\u00e7\u00e3o \u201cpara que [&hellip;]<\/p>\n","protected":false},"author":2,"featured_media":122428,"comment_status":"open","ping_status":"closed","sticky":false,"template":"","format":"standard","meta":[],"categories":[29,17],"tags":[2518],"_links":{"self":[{"href":"https:\/\/www.barragrande24horas.com.br\/v1\/wp-json\/wp\/v2\/posts\/122473"}],"collection":[{"href":"https:\/\/www.barragrande24horas.com.br\/v1\/wp-json\/wp\/v2\/posts"}],"about":[{"href":"https:\/\/www.barragrande24horas.com.br\/v1\/wp-json\/wp\/v2\/types\/post"}],"author":[{"embeddable":true,"href":"https:\/\/www.barragrande24horas.com.br\/v1\/wp-json\/wp\/v2\/users\/2"}],"replies":[{"embeddable":true,"href":"https:\/\/www.barragrande24horas.com.br\/v1\/wp-json\/wp\/v2\/comments?post=122473"}],"version-history":[{"count":1,"href":"https:\/\/www.barragrande24horas.com.br\/v1\/wp-json\/wp\/v2\/posts\/122473\/revisions"}],"predecessor-version":[{"id":122474,"href":"https:\/\/www.barragrande24horas.com.br\/v1\/wp-json\/wp\/v2\/posts\/122473\/revisions\/122474"}],"wp:featuredmedia":[{"embeddable":true,"href":"https:\/\/www.barragrande24horas.com.br\/v1\/wp-json\/wp\/v2\/media\/122428"}],"wp:attachment":[{"href":"https:\/\/www.barragrande24horas.com.br\/v1\/wp-json\/wp\/v2\/media?parent=122473"}],"wp:term":[{"taxonomy":"category","embeddable":true,"href":"https:\/\/www.barragrande24horas.com.br\/v1\/wp-json\/wp\/v2\/categories?post=122473"},{"taxonomy":"post_tag","embeddable":true,"href":"https:\/\/www.barragrande24horas.com.br\/v1\/wp-json\/wp\/v2\/tags?post=122473"}],"curies":[{"name":"wp","href":"https:\/\/api.w.org\/{rel}","templated":true}]}}